{"id":19367,"date":"2025-11-16T09:02:22","date_gmt":"2025-11-16T15:02:22","guid":{"rendered":"https:\/\/fge.oaxaca.gob.mx\/?post_type=noticias&amp;p=10856"},"modified":"2025-11-16T09:02:22","modified_gmt":"2025-11-16T15:02:22","slug":"boletin-1938-en-operacion-coordinada-detienen-a-dos-personas-por-agresion-con-arma-de-fuego-durante-robo-en-el-que-perdio-la-vida-una-mujer-en-oxxo-de-juchitan-fiscalia-de-oaxaca","status":"publish","type":"noticias","link":"https:\/\/portal.fgeo.gob.mx\/index.php\/archivos\/noticias\/boletin-1938-en-operacion-coordinada-detienen-a-dos-personas-por-agresion-con-arma-de-fuego-durante-robo-en-el-que-perdio-la-vida-una-mujer-en-oxxo-de-juchitan-fiscalia-de-oaxaca","title":{"rendered":"BOLET\u00cdN 1,938.- En operaci\u00f3n coordinada, detienen a dos personas por agresi\u00f3n con arma de fuego durante robo en el que perdi\u00f3 la vida una mujer en OXXO de Juchit\u00e1n: Fiscal\u00eda de Oaxaca"},"content":{"rendered":"<p>&nbsp;<\/p>\n<p><strong>Oaxaca de Ju\u00e1rez a 16 de noviembre de 2025.- <\/strong>Como resultado de una acci\u00f3n inmediata y coordinada en investigaci\u00f3n criminal, la Fiscal\u00eda General del Estado de Oaxaca (FGEO) logr\u00f3 la detenci\u00f3n de dos personas identificadas como A.S.R., alias \u201cAndy\u201d, y T.G.J., por la agresi\u00f3n con disparo de arma de fuego cometido durante un robo en la que perdi\u00f3 la vida una mujer, hechos ocurridos la madrugada del 14 de noviembre afuera de una tienda Oxxo en Juchit\u00e1n de Zaragoza.<\/p>\n<p>&nbsp;<\/p>\n<p>La detenci\u00f3n de A.S.R. y T.G.J. se realiz\u00f3 este 15 de noviembre, cuando elementos de la FGEO a trav\u00e9s de la Agencia Estatal de Investigaciones (AEI), junto con Secretar\u00eda de Marina (SEMAR), Secretar\u00eda de la Defensa Nacional (DEFENSA), Guardia Nacional y Polic\u00eda Estatal, llevaban a cabo recorridos de vigilancia y seguridad en torno a la resoluci\u00f3n de estos hechos.<\/p>\n<p>&nbsp;<\/p>\n<p>Las indagatorias revelan que la agresi\u00f3n contra la v\u00edctima, una mujer identificada como A.J.C.A., ocurri\u00f3 afuera del estacionamiento de una tienda comercial ubicada en la colonia Infonavit Zapand\u00fa, Segunda Secci\u00f3n, en Juchit\u00e1n de Zaragoza, en donde derivado de un robo, recibi\u00f3 disparos de arma de fuego que le provocaron la muerte.<\/p>\n<p>&nbsp;<\/p>\n<p>Durante su aseguramiento, los elementos policiales aseguraron un tel\u00e9fono celular y diversos objetos pertenecientes a la v\u00edctima, adem\u00e1s de dosis de droga y un arma de fuego.<\/p>\n<p>&nbsp;<\/p>\n<p>Las indagatorias establecen que uno de los detenidos estuvo sujeto a proceso penal por el delito de violaci\u00f3n, obteniendo su libertad en septiembre de 2025.<\/p>\n<p>&nbsp;<\/p>\n<p>La Fiscal\u00eda de Oaxaca act\u00faa conforme a las facultades que le otorga la ley y aplica el C\u00f3digo Penal vigente del Estado como base de los trabajos ministeriales para evitar que los delitos queden impunes.<\/p>\n<p><img fetchpriority=\"high\" decoding=\"async\" class=\"alignnone size-medium wp-image-10857\" src=\"https:\/\/fge.oaxaca.gob.mx\/wp-content\/uploads\/2025\/11\/WhatsApp-Image-2025-11-15-at-6.26.36-PM-225x300.jpeg\" alt=\"\" width=\"225\" height=\"300\" \/> <img decoding=\"async\" class=\"alignnone size-medium wp-image-10858\" src=\"https:\/\/fge.oaxaca.gob.mx\/wp-content\/uploads\/2025\/11\/WhatsApp-Image-2025-11-15-at-7.19.22-PM-211x300.jpeg\" alt=\"\" width=\"211\" height=\"300\" \/><\/p>\n","protected":false},"author":5,"featured_media":10819,"comment_status":"closed","ping_status":"closed","template":"","tags":[],"categoria_noticias":[],"class_list":["post-19367","noticias","type-noticias","status-publish","has-post-thumbnail","hentry"],"acf":[],"mb":[],"mfb_rest_fields":["title","gutenberg_elementor_mode"],"_links":{"self":[{"href":"https:\/\/portal.fgeo.gob.mx\/index.php\/wp-json\/wp\/v2\/noticias\/19367","targetHints":{"allow":["GET"]}}],"collection":[{"href":"https:\/\/portal.fgeo.gob.mx\/index.php\/wp-json\/wp\/v2\/noticias"}],"about":[{"href":"https:\/\/portal.fgeo.gob.mx\/index.php\/wp-json\/wp\/v2\/types\/noticias"}],"author":[{"embeddable":true,"href":"https:\/\/portal.fgeo.gob.mx\/index.php\/wp-json\/wp\/v2\/users\/5"}],"replies":[{"embeddable":true,"href":"https:\/\/portal.fgeo.gob.mx\/index.php\/wp-json\/wp\/v2\/comments?post=19367"}],"wp:featuredmedia":[{"embeddable":true,"href":"https:\/\/portal.fgeo.gob.mx\/index.php\/wp-json\/"}],"wp:attachment":[{"href":"https:\/\/portal.fgeo.gob.mx\/index.php\/wp-json\/wp\/v2\/media?parent=19367"}],"wp:term":[{"taxonomy":"post_tag","embeddable":true,"href":"https:\/\/portal.fgeo.gob.mx\/index.php\/wp-json\/wp\/v2\/tags?post=19367"},{"taxonomy":"categoria_noticias","embeddable":true,"href":"https:\/\/portal.fgeo.gob.mx\/index.php\/wp-json\/wp\/v2\/categoria_noticias?post=19367"}],"curies":[{"name":"wp","href":"https:\/\/api.w.org\/{rel}","templated":true}]}}