{"id":19365,"date":"2025-11-15T12:48:02","date_gmt":"2025-11-15T18:48:02","guid":{"rendered":"https:\/\/fge.oaxaca.gob.mx\/?post_type=noticias&amp;p=10849"},"modified":"2025-11-15T12:48:02","modified_gmt":"2025-11-15T18:48:02","slug":"boletin-1936-fiscalia-de-oaxaca-realiza-operativos-en-tres-estados-y-logra-dar-con-el-paradero-de-adolescente-reportada-como-no-localizada-en-la-cuenca","status":"publish","type":"noticias","link":"https:\/\/portal.fgeo.gob.mx\/index.php\/archivos\/noticias\/boletin-1936-fiscalia-de-oaxaca-realiza-operativos-en-tres-estados-y-logra-dar-con-el-paradero-de-adolescente-reportada-como-no-localizada-en-la-cuenca","title":{"rendered":"BOLET\u00cdN 1,936.- Fiscal\u00eda de Oaxaca realiza operativos en tres estados y logra dar con el paradero de adolescente reportada como No Localizada en la Cuenca"},"content":{"rendered":"<p>&nbsp;<\/p>\n<p>Oaxaca de Ju\u00e1rez a 15 de noviembre de 2025.- La Fiscal\u00eda General del Estado de Oaxaca (FGEO) logr\u00f3 dar con el paradero a una adolescente del sexo femenino identificada por las iniciales R.M.H.A., quien hab\u00eda sido vista por \u00faltima vez en la regi\u00f3n de la Cuenca, pero fue localizada gracias a las acciones de b\u00fasqueda implementadas tambi\u00e9n en Veracruz y Puebla.<\/p>\n<p>&nbsp;<\/p>\n<p>Los hechos de los cuales se desprenden los trabajos ministeriales sucedieron el 16 de noviembre de 2024, cuando la v\u00edctima adolescente estaba en compa\u00f1\u00eda de su familia en una terminal de autobuses de San Juan Bautista Tuxtepec, donde la vieron por \u00faltima vez.<\/p>\n<p>&nbsp;<\/p>\n<p>Derivado del trabajo de inteligencia implementado desde el reporte de la No Localizaci\u00f3n de la v\u00edctima, la Vicefiscal\u00eda General de Atenci\u00f3n a V\u00edctimas y los Derechos Humanos, junto con la familia de la v\u00edctima, obtuvieron datos concretos sobre su paradero por lo que se llevaron a cabo acciones de intervenci\u00f3n en Oaxaca, Puebla y Veracruz.<\/p>\n<p>&nbsp;<\/p>\n<p>Como resultado de estos actos de investigaci\u00f3n, fue posible establecer que la adolescente (de 14 a\u00f1os de edad) se encontraba en la ciudad de C\u00f3rdoba, en Veracruz, por lo que la FGEO estableci\u00f3 los canales de colaboraci\u00f3n legales para llevar a cabo los trabajos correspondientes.<\/p>\n<p>&nbsp;<\/p>\n<p>Elementos del grupo especializado en personas desaparecidas de la Agencia Estatal de Investigaciones, se trasladaron y montaron un operativo en el municipio de C\u00f3rdoba, en coordinaci\u00f3n con la Fiscal\u00eda de Veracruz, realizando simult\u00e1neamente sobrevuelos de reconocimientos de drones y cateos simult\u00e1neos hasta dar con la ubicaci\u00f3n de la v\u00edctima, quien fue localizada con vida y posteriormente resguardada para reintegrarse con su familia en la regi\u00f3n de la Cuenca de Oaxaca.<\/p>\n<p>&nbsp;<\/p>\n<p>La Fiscal\u00eda de Oaxaca cuenta con un equipo especializado que implementa protocolos de b\u00fasqueda de personas que permiten tener una alta eficiencia en los procesos de localizaci\u00f3n.<\/p>\n<p><img fetchpriority=\"high\" decoding=\"async\" class=\"alignnone size-medium wp-image-10850\" src=\"https:\/\/fge.oaxaca.gob.mx\/wp-content\/uploads\/2025\/11\/WhatsApp-Image-2025-11-15-at-12.09.31-PM-182x300.jpeg\" alt=\"\" width=\"182\" height=\"300\" \/> <img decoding=\"async\" class=\"alignnone size-medium wp-image-10851\" src=\"https:\/\/fge.oaxaca.gob.mx\/wp-content\/uploads\/2025\/11\/WhatsApp-Image-2025-11-15-at-12.09.32-PM-219x300.jpeg\" alt=\"\" width=\"219\" height=\"300\" \/> <img decoding=\"async\" class=\"alignnone size-medium wp-image-10852\" src=\"https:\/\/fge.oaxaca.gob.mx\/wp-content\/uploads\/2025\/11\/WhatsApp-Image-2025-11-15-at-12.35.23-PM-300x225.jpeg\" alt=\"\" width=\"300\" height=\"225\" \/><\/p>\n","protected":false},"author":5,"featured_media":10825,"comment_status":"closed","ping_status":"closed","template":"","tags":[],"categoria_noticias":[],"class_list":["post-19365","noticias","type-noticias","status-publish","has-post-thumbnail","hentry"],"acf":[],"mb":[],"mfb_rest_fields":["title","gutenberg_elementor_mode"],"_links":{"self":[{"href":"https:\/\/portal.fgeo.gob.mx\/index.php\/wp-json\/wp\/v2\/noticias\/19365","targetHints":{"allow":["GET"]}}],"collection":[{"href":"https:\/\/portal.fgeo.gob.mx\/index.php\/wp-json\/wp\/v2\/noticias"}],"about":[{"href":"https:\/\/portal.fgeo.gob.mx\/index.php\/wp-json\/wp\/v2\/types\/noticias"}],"author":[{"embeddable":true,"href":"https:\/\/portal.fgeo.gob.mx\/index.php\/wp-json\/wp\/v2\/users\/5"}],"replies":[{"embeddable":true,"href":"https:\/\/portal.fgeo.gob.mx\/index.php\/wp-json\/wp\/v2\/comments?post=19365"}],"wp:featuredmedia":[{"embeddable":true,"href":"https:\/\/portal.fgeo.gob.mx\/index.php\/wp-json\/"}],"wp:attachment":[{"href":"https:\/\/portal.fgeo.gob.mx\/index.php\/wp-json\/wp\/v2\/media?parent=19365"}],"wp:term":[{"taxonomy":"post_tag","embeddable":true,"href":"https:\/\/portal.fgeo.gob.mx\/index.php\/wp-json\/wp\/v2\/tags?post=19365"},{"taxonomy":"categoria_noticias","embeddable":true,"href":"https:\/\/portal.fgeo.gob.mx\/index.php\/wp-json\/wp\/v2\/categoria_noticias?post=19365"}],"curies":[{"name":"wp","href":"https:\/\/api.w.org\/{rel}","templated":true}]}}