{"id":19362,"date":"2025-11-14T14:00:41","date_gmt":"2025-11-14T20:00:41","guid":{"rendered":"https:\/\/fge.oaxaca.gob.mx\/?post_type=noticias&amp;p=10837"},"modified":"2025-11-14T14:00:41","modified_gmt":"2025-11-14T20:00:41","slug":"boletin-1933-fiscalia-de-oaxaca-aprehende-a-una-persona-por-secuestro-y-robo-de-transportistas-cometido-en-carretera-a-san-agustin-loxicha","status":"publish","type":"noticias","link":"https:\/\/portal.fgeo.gob.mx\/index.php\/archivos\/noticias\/boletin-1933-fiscalia-de-oaxaca-aprehende-a-una-persona-por-secuestro-y-robo-de-transportistas-cometido-en-carretera-a-san-agustin-loxicha","title":{"rendered":"BOLET\u00cdN 1,933.- Fiscal\u00eda de Oaxaca aprehende a una persona por secuestro y robo de transportistas cometido en carretera a San Agust\u00edn Loxicha"},"content":{"rendered":"<p>&nbsp;<\/p>\n<p><strong>Oaxaca de Ju\u00e1rez a 14 de noviembre de 2025.-<\/strong> La Fiscal\u00eda General del Estado de Oaxaca (FGEO), ejecut\u00f3 una orden de aprehensi\u00f3n en contra de una persona del sexo masculino identificada como C.H.B., por los delitos de Secuestro Agravado, Robo Calificado con Violencia y Robo Espec\u00edfico, cometido el primero, en agravio de dos hombres de iniciales A.G.R., y H.A.R., el segundo en perjuicio patrimonial de la empresa denominada &#8220;DIMSMA&#8221; S.A De C.V., en hechos ocurridos en carretera a San Agust\u00edn Loxicha.<\/p>\n<p><img fetchpriority=\"high\" decoding=\"async\" class=\"alignnone size-medium wp-image-10838\" src=\"https:\/\/fge.oaxaca.gob.mx\/wp-content\/uploads\/2025\/11\/WhatsApp-Image-2025-11-14-at-1.46.16-PM-248x300.jpeg\" alt=\"\" width=\"248\" height=\"300\" \/><\/p>\n<p>De acuerdo con el expediente penal del caso, los hechos ocurrieron el ocho de diciembre de 2008, cuando las v\u00edctimas, A.G.R., y H.A.R., transitaban por la carretera que conduce a San Agust\u00edn Loxicha en una unidad de motor propiedad de la empresa con giro comercial de muebler\u00eda DIMSMA, la cual transportaba diversos muebles.<\/p>\n<p>&nbsp;<\/p>\n<p>La investigaci\u00f3n establece que en ese trayecto, fueron interceptados por un grupo de hombres que los despoj\u00f3 de la unidad de motor cargada de muebles, para posteriormente trasladarlos a otro lugar y con ello privarlos de su libertad, para despu\u00e9s pedir dinero a la familia, como rescate para su liberaci\u00f3n.<\/p>\n<p>&nbsp;<\/p>\n<p>Al tener conocimiento de los hechos, la Fiscal\u00eda de Oaxaca inici\u00f3 las investigaciones ministeriales correspondientes a trav\u00e9s de la Fiscal\u00eda Especializada en Delitos de Alto Impacto y de la Unidad Policial Especializada en el Combate al Secuestro.<\/p>\n<p>&nbsp;<\/p>\n<p>Derivado de los resultados aportados por la FGEO, se logr\u00f3 ejecutar la orden de aprehensi\u00f3n por los delitos de Secuestro Agravado, Robo Calificado con Violencia y Robo Espec\u00edfico, para posteriormente ponerlo a disposici\u00f3n de la autoridad ministerial correspondiente.<\/p>\n<p>&nbsp;<\/p>\n<p>La Fiscal\u00eda General garantiza investigaciones exhaustivas para esclarecer delitos, aplicando todo el rigor de la Ley a quien o quienes resulten responsables.<\/p>\n","protected":false},"author":5,"featured_media":10819,"comment_status":"closed","ping_status":"closed","template":"","tags":[],"categoria_noticias":[],"class_list":["post-19362","noticias","type-noticias","status-publish","has-post-thumbnail","hentry"],"acf":[],"mb":[],"mfb_rest_fields":["title","gutenberg_elementor_mode"],"_links":{"self":[{"href":"https:\/\/portal.fgeo.gob.mx\/index.php\/wp-json\/wp\/v2\/noticias\/19362","targetHints":{"allow":["GET"]}}],"collection":[{"href":"https:\/\/portal.fgeo.gob.mx\/index.php\/wp-json\/wp\/v2\/noticias"}],"about":[{"href":"https:\/\/portal.fgeo.gob.mx\/index.php\/wp-json\/wp\/v2\/types\/noticias"}],"author":[{"embeddable":true,"href":"https:\/\/portal.fgeo.gob.mx\/index.php\/wp-json\/wp\/v2\/users\/5"}],"replies":[{"embeddable":true,"href":"https:\/\/portal.fgeo.gob.mx\/index.php\/wp-json\/wp\/v2\/comments?post=19362"}],"wp:featuredmedia":[{"embeddable":true,"href":"https:\/\/portal.fgeo.gob.mx\/index.php\/wp-json\/"}],"wp:attachment":[{"href":"https:\/\/portal.fgeo.gob.mx\/index.php\/wp-json\/wp\/v2\/media?parent=19362"}],"wp:term":[{"taxonomy":"post_tag","embeddable":true,"href":"https:\/\/portal.fgeo.gob.mx\/index.php\/wp-json\/wp\/v2\/tags?post=19362"},{"taxonomy":"categoria_noticias","embeddable":true,"href":"https:\/\/portal.fgeo.gob.mx\/index.php\/wp-json\/wp\/v2\/categoria_noticias?post=19362"}],"curies":[{"name":"wp","href":"https:\/\/api.w.org\/{rel}","templated":true}]}}