{"id":19338,"date":"2025-11-07T13:18:27","date_gmt":"2025-11-07T19:18:27","guid":{"rendered":"https:\/\/fge.oaxaca.gob.mx\/?post_type=noticias&amp;p=10666"},"modified":"2025-11-07T13:18:27","modified_gmt":"2025-11-07T19:18:27","slug":"boletin-1907-fiscalia-de-oaxaca-detienea-n-g-a-c-alias-el-taz-probable-responsable-por-homicidio-y-abandono-delcuerpo-de-la-victima-en-calles-de-la-colonia-jardin","status":"publish","type":"noticias","link":"https:\/\/portal.fgeo.gob.mx\/index.php\/archivos\/noticias\/boletin-1907-fiscalia-de-oaxaca-detienea-n-g-a-c-alias-el-taz-probable-responsable-por-homicidio-y-abandono-delcuerpo-de-la-victima-en-calles-de-la-colonia-jardin","title":{"rendered":"BOLET\u00cdN 1,907.- Fiscal\u00eda de Oaxaca detienea N.G.A.C., alias \u201cEl Taz\u201d, probable responsable por homicidio y abandono delcuerpo de la v\u00edctima en calles de la Colonia Jard\u00edn"},"content":{"rendered":"<p>&nbsp;<\/p>\n<p><strong>Oaxaca de Ju\u00e1rez, Oax. 07 de noviembre de 2025.- <\/strong>La Fiscal\u00eda General del Estado de Oaxaca (FGEO) ejecut\u00f3 la detenci\u00f3n legal de N.G.A.C., alias \u201cEl Taz\u201d, por el delito de Homicidio Calificado, en agravio de S.N.O., alias \u201cChaparrito, Chapis o Choki\u201d, cuyo cuerpo fue localizado en calles de la Colonia Jard\u00edn de la capital.<\/p>\n<p>Los trabajos de inteligencia criminal que realiza la Fiscal\u00eda de Oaxaca, a trav\u00e9s de la Fiscal\u00eda Especializada para la Atenci\u00f3n a Delitos de Alto Impacto, permiti\u00f3 establecer las l\u00edneas de investigaci\u00f3n que condujeron a la identificaci\u00f3n de N.G.A.C., alias \u201cEl Taz\u201d, se\u00f1alado como el principal responsable de esta agresi\u00f3n.<\/p>\n<p>Derivado de este trabajo ministerial, se obtuvo una orden de aprehensi\u00f3n que hizo posible la detenci\u00f3n legal del imputado, adem\u00e1s que se solicit\u00f3 la vinculaci\u00f3n a proceso por el delito de homicidio calificado.<\/p>\n<p>De acuerdo con las indagatorias, los hechos ocurrieron en un domicilio en la colonia Jard\u00edn, de la ciudad de Oaxaca de Ju\u00e1rez donde la v\u00edctima, una persona del sexo masculino identificado como S.N.O., alias \u201cChaparrito, Chapis o Choki\u201d, tuvo problemas interpersonales con los agresores con quienes habr\u00eda sostenido una discusi\u00f3n que deriv\u00f3 en un ataque en el que lo golpearon para luego envolver el cuerpo con diferentes materiales.<\/p>\n<p>Posteriormente, los responsables tomaron el cuerpo de la v\u00edctima y lo trasladaron a un par de cuadras de distancia del domicilio donde lo ten\u00edan para despu\u00e9s abandonarlo en la calle de Colorines, en la Colonia Jard\u00edn, sitio en el que lo localizaron el 14 de octubre de 2025.<\/p>\n<p>La Fiscal\u00eda de Oaxaca emplea t\u00e9cnicas de investigaci\u00f3n ministerial para fortalecer los trabajos que permiten la detenci\u00f3n de los responsables para que las v\u00edctimas directas e indirectas tengan pleno acceso a los mecanismos de justicia integral.<\/p>\n<p><img fetchpriority=\"high\" decoding=\"async\" class=\"alignnone size-medium wp-image-10667\" src=\"https:\/\/fge.oaxaca.gob.mx\/wp-content\/uploads\/2025\/11\/Dise\u00f1o-sin-t\u00edtulo-2-2-300x210.jpg\" alt=\"\" width=\"300\" height=\"210\" \/> <img decoding=\"async\" class=\"alignnone size-medium wp-image-10668\" src=\"https:\/\/fge.oaxaca.gob.mx\/wp-content\/uploads\/2025\/11\/Dise\u00f1o-sin-t\u00edtulo-1-4-300x216.jpg\" alt=\"\" width=\"300\" height=\"216\" \/> <img decoding=\"async\" class=\"alignnone size-medium wp-image-10669\" src=\"https:\/\/fge.oaxaca.gob.mx\/wp-content\/uploads\/2025\/11\/Dise\u00f1o-sin-t\u00edtulo-9-300x202.jpg\" alt=\"\" width=\"300\" height=\"202\" \/><\/p>\n","protected":false},"author":5,"featured_media":10626,"comment_status":"closed","ping_status":"closed","template":"","tags":[],"categoria_noticias":[],"class_list":["post-19338","noticias","type-noticias","status-publish","has-post-thumbnail","hentry"],"acf":[],"mb":[],"mfb_rest_fields":["title","gutenberg_elementor_mode"],"_links":{"self":[{"href":"https:\/\/portal.fgeo.gob.mx\/index.php\/wp-json\/wp\/v2\/noticias\/19338","targetHints":{"allow":["GET"]}}],"collection":[{"href":"https:\/\/portal.fgeo.gob.mx\/index.php\/wp-json\/wp\/v2\/noticias"}],"about":[{"href":"https:\/\/portal.fgeo.gob.mx\/index.php\/wp-json\/wp\/v2\/types\/noticias"}],"author":[{"embeddable":true,"href":"https:\/\/portal.fgeo.gob.mx\/index.php\/wp-json\/wp\/v2\/users\/5"}],"replies":[{"embeddable":true,"href":"https:\/\/portal.fgeo.gob.mx\/index.php\/wp-json\/wp\/v2\/comments?post=19338"}],"wp:featuredmedia":[{"embeddable":true,"href":"https:\/\/portal.fgeo.gob.mx\/index.php\/wp-json\/"}],"wp:attachment":[{"href":"https:\/\/portal.fgeo.gob.mx\/index.php\/wp-json\/wp\/v2\/media?parent=19338"}],"wp:term":[{"taxonomy":"post_tag","embeddable":true,"href":"https:\/\/portal.fgeo.gob.mx\/index.php\/wp-json\/wp\/v2\/tags?post=19338"},{"taxonomy":"categoria_noticias","embeddable":true,"href":"https:\/\/portal.fgeo.gob.mx\/index.php\/wp-json\/wp\/v2\/categoria_noticias?post=19338"}],"curies":[{"name":"wp","href":"https:\/\/api.w.org\/{rel}","templated":true}]}}