{"id":19332,"date":"2025-11-05T18:00:07","date_gmt":"2025-11-06T00:00:07","guid":{"rendered":"https:\/\/fge.oaxaca.gob.mx\/?post_type=noticias&amp;p=10646"},"modified":"2025-11-05T18:00:07","modified_gmt":"2025-11-06T00:00:07","slug":"boletin-1901-fiscalia-en-tu-comunidad-para-una-institucion-mas-humana-empatica-y-confiable-con-la-ciudadania-fiscal-de-oaxaca-bernardo-rodriguez-alamilla","status":"publish","type":"noticias","link":"https:\/\/portal.fgeo.gob.mx\/index.php\/archivos\/noticias\/boletin-1901-fiscalia-en-tu-comunidad-para-una-institucion-mas-humana-empatica-y-confiable-con-la-ciudadania-fiscal-de-oaxaca-bernardo-rodriguez-alamilla","title":{"rendered":"BOLET\u00cdN 1,901.-  \u201cFiscal\u00eda en tu Comunidad, para una instituci\u00f3n m\u00e1s humana, emp\u00e1tica y confiable con la ciudadan\u00eda\u201d: Fiscal de Oaxaca, Bernardo Rodr\u00edguez Alamilla"},"content":{"rendered":"<p>&nbsp;<\/p>\n<p>Oaxaca de Ju\u00e1rez a 5 de noviembre de 2025.- Durante la jornada del programa \u201cFiscal\u00eda en tu Comunidad\u201d, que se realiz\u00f3 en Zimatl\u00e1n de \u00c1lvarez, el Fiscal General del Estado de Oaxaca, Bernardo Rodr\u00edguez Alamilla, explic\u00f3 que se trata de una estrategia que busca transformar la relaci\u00f3n entre la instituci\u00f3n y la ciudadan\u00eda, acercando los servicios de procuraci\u00f3n de justicia a cada territorio, impulsando procesos de atenci\u00f3n m\u00e1s humanos, emp\u00e1ticos y confiables.<\/p>\n<p>Durante su mensaje, el Fiscal de Oaxaca, Bernardo Rodr\u00edguez Alamilla subray\u00f3 que este programa representa una nueva manera de reconstruir la confianza entre la sociedad y las instituciones encargadas de la justicia, basada en la cercan\u00eda, el di\u00e1logo y la colaboraci\u00f3n.<\/p>\n<p>\u201cDurante mucho tiempo, las instituciones de justicia se percibieron como distantes. Hoy queremos cambiar esa idea, Fiscal\u00eda en tu Comunidad es el punto de encuentro donde escuchamos, compartimos y construimos juntos una justicia m\u00e1s pr\u00f3xima y efectiva\u201d, destac\u00f3 Rodr\u00edguez Alamilla.<\/p>\n<p>El titular de la Fiscal\u00eda General del Estado de Oaxaca explic\u00f3 que esta estrategia se basa en el principio de participaci\u00f3n social: entender que la seguridad y la justicia no se imponen desde las instituciones, sino que se construyen colectivamente, desde lo local, con la voz y la colaboraci\u00f3n de la gente.<\/p>\n<p>\u201cSi logramos que la ciudadan\u00eda conf\u00ede en su Fiscal\u00eda, habremos dado un paso fundamental para garantizar espacios seguros y el respeto pleno a los derechos de todas y todos\u201d, afirm\u00f3.<\/p>\n<p>En esta jornada participaron autoridades municipales encabezadas por el presidente municipal constitucional de Zimatl\u00e1n de \u00c1lvarez, Javier C\u00e9sar Barroso S\u00e1nchez, adem\u00e1s de integrantes del cabildo, directores de instituciones educativas y representantes de la Fiscal\u00eda General.<\/p>\n<p>El presidente municipal constitucional de Zimatl\u00e1n de \u00c1lvarez, Javier C\u00e9sar Barroso S\u00e1nchez, dijo que Fiscal\u00eda en tu Comunidad es una oportunidad de intercambiar informaci\u00f3n y conocimientos, adem\u00e1s de acordar acciones concretas de colaboraci\u00f3n interinstitucional, lo que permite dar una respuesta efectiva a la ciudadan\u00eda.<\/p>\n<p>Como parte de las actividades, se impartieron talleres y capacitaciones sobre violencia familiar, prevenci\u00f3n de la violencia en el noviazgo, justicia para adolescentes, delitos de extorsi\u00f3n y fraude \u201cgota a gota\u201d, as\u00ed como formaci\u00f3n dirigida a polic\u00edas municipales en materia de primer respondiente y atenci\u00f3n a v\u00edctimas.<\/p>\n<p><img fetchpriority=\"high\" decoding=\"async\" class=\"alignnone size-medium wp-image-10647\" src=\"https:\/\/fge.oaxaca.gob.mx\/wp-content\/uploads\/2025\/11\/WhatsApp-Image-2025-11-05-at-4.05.11-PM-4-300x200.jpeg\" alt=\"\" width=\"300\" height=\"200\" \/> <img decoding=\"async\" class=\"alignnone size-medium wp-image-10648\" src=\"https:\/\/fge.oaxaca.gob.mx\/wp-content\/uploads\/2025\/11\/WhatsApp-Image-2025-11-05-at-4.05.11-PM-2-300x200.jpeg\" alt=\"\" width=\"300\" height=\"200\" \/> <img decoding=\"async\" class=\"alignnone size-medium wp-image-10649\" src=\"https:\/\/fge.oaxaca.gob.mx\/wp-content\/uploads\/2025\/11\/WhatsApp-Image-2025-11-05-at-4.05.11-PM-300x200.jpeg\" alt=\"\" width=\"300\" height=\"200\" \/> <img loading=\"lazy\" decoding=\"async\" class=\"alignnone size-medium wp-image-10650\" src=\"https:\/\/fge.oaxaca.gob.mx\/wp-content\/uploads\/2025\/11\/WhatsApp-Image-2025-11-05-at-4.05.12-PM-1-300x200.jpeg\" alt=\"\" width=\"300\" height=\"200\" \/> <img loading=\"lazy\" decoding=\"async\" class=\"alignnone size-medium wp-image-10651\" src=\"https:\/\/fge.oaxaca.gob.mx\/wp-content\/uploads\/2025\/11\/WhatsApp-Image-2025-11-05-at-4.05.57-PM-300x141.jpeg\" alt=\"\" width=\"300\" height=\"141\" \/><\/p>\n","protected":false},"author":5,"featured_media":10626,"comment_status":"closed","ping_status":"closed","template":"","tags":[],"categoria_noticias":[],"class_list":["post-19332","noticias","type-noticias","status-publish","has-post-thumbnail","hentry"],"acf":[],"mb":[],"mfb_rest_fields":["title","gutenberg_elementor_mode"],"_links":{"self":[{"href":"https:\/\/portal.fgeo.gob.mx\/index.php\/wp-json\/wp\/v2\/noticias\/19332","targetHints":{"allow":["GET"]}}],"collection":[{"href":"https:\/\/portal.fgeo.gob.mx\/index.php\/wp-json\/wp\/v2\/noticias"}],"about":[{"href":"https:\/\/portal.fgeo.gob.mx\/index.php\/wp-json\/wp\/v2\/types\/noticias"}],"author":[{"embeddable":true,"href":"https:\/\/portal.fgeo.gob.mx\/index.php\/wp-json\/wp\/v2\/users\/5"}],"replies":[{"embeddable":true,"href":"https:\/\/portal.fgeo.gob.mx\/index.php\/wp-json\/wp\/v2\/comments?post=19332"}],"wp:featuredmedia":[{"embeddable":true,"href":"https:\/\/portal.fgeo.gob.mx\/index.php\/wp-json\/"}],"wp:attachment":[{"href":"https:\/\/portal.fgeo.gob.mx\/index.php\/wp-json\/wp\/v2\/media?parent=19332"}],"wp:term":[{"taxonomy":"post_tag","embeddable":true,"href":"https:\/\/portal.fgeo.gob.mx\/index.php\/wp-json\/wp\/v2\/tags?post=19332"},{"taxonomy":"categoria_noticias","embeddable":true,"href":"https:\/\/portal.fgeo.gob.mx\/index.php\/wp-json\/wp\/v2\/categoria_noticias?post=19332"}],"curies":[{"name":"wp","href":"https:\/\/api.w.org\/{rel}","templated":true}]}}