{"id":19331,"date":"2025-11-05T15:13:34","date_gmt":"2025-11-05T21:13:34","guid":{"rendered":"https:\/\/fge.oaxaca.gob.mx\/?post_type=noticias&amp;p=10644"},"modified":"2025-11-05T15:13:34","modified_gmt":"2025-11-05T21:13:34","slug":"boletin-1900-fiscalia-de-oaxaca-detiene-a-una-persona-por-robo-de-vehiculo-relacionada-con-grupo-delictivo-que-operaba-a-bordo-de-mototaxi-en-el-valle-de-etla","status":"publish","type":"noticias","link":"https:\/\/portal.fgeo.gob.mx\/index.php\/archivos\/noticias\/boletin-1900-fiscalia-de-oaxaca-detiene-a-una-persona-por-robo-de-vehiculo-relacionada-con-grupo-delictivo-que-operaba-a-bordo-de-mototaxi-en-el-valle-de-etla","title":{"rendered":"BOLET\u00cdN 1,900.- Fiscal\u00eda de Oaxaca detiene a una persona por robo de veh\u00edculo, relacionada con grupo delictivo que operaba a bordo de mototaxi en el Valle de Etla"},"content":{"rendered":"<p>&nbsp;<\/p>\n<p><strong>Oaxaca de Ju\u00e1rez, Oax. 05 de noviembre de 2025.-<\/strong> Como parte de las acciones y estrategias de seguridad para el combate a delitos de alto impacto, la Fiscal\u00eda General del Estado de Oaxaca (FGEO) detuvo en la regi\u00f3n de los Valles Centrales a una persona del sexo masculino identificada como G.R.R., por los delitos de robo espec\u00edfico equiparado y narcomenudeo, que estar\u00eda relacionado con un grupo delictivos dedicado al robo de veh\u00edculos en el Valle de Etla.<\/p>\n<p>La detenci\u00f3n de G.R.R., deriva de una denuncia por hechos ocurridos el 01 de noviembre de 2025, cuando la v\u00edctima dej\u00f3 estacionado su veh\u00edculo sobre la calle Progreso, en San Francisco Telixtlahuaca, distrito de Etla.<\/p>\n<p>La investigaci\u00f3n revela que, durante la madrugada del 02 de noviembre, la v\u00edctima escuch\u00f3 ruidos en la calle y observ\u00f3 a varias personas que llegaron a bordo de un mototaxi de color amarillo, se acercaron a su veh\u00edculo y se lo llevaron.<\/p>\n<p>Ante estos hechos, la Fiscal\u00eda de Oaxaca, a trav\u00e9s de la Vicefiscal\u00eda General de Control Regional, despleg\u00f3 un equipo multidisciplinario de reacci\u00f3n inmediata que realiz\u00f3 las primeras indagatorias, lo que permiti\u00f3 la detenci\u00f3n de G.R.R. en el paraje La Colorada, en San Felipe Tejalapam.<\/p>\n<p>Durante la inspecci\u00f3n legal, los agentes ministeriales localizaron entre sus pertenencias decenas de bolsas que conten\u00edan una sustancia granulada similar al cristal, as\u00ed como hierba seca. Adem\u00e1s, se le fue asegurada la unidad de motor que, de acuerdo con la investigaci\u00f3n, hab\u00eda sido reportada como robada recientemente.<\/p>\n<p>Tras su detenci\u00f3n, G.R.R. fue puesto a disposici\u00f3n de la autoridad ministerial correspondiente, quien determinar\u00e1 su situaci\u00f3n jur\u00eddica.<\/p>\n<p>La Fiscal\u00eda de Oaxaca reitera su compromiso de investigar de forma integral los delitos de alto impacto, con el prop\u00f3sito de garantizar condiciones \u00f3ptimas de seguridad y procuraci\u00f3n de justicia en las ocho regiones de la entidad.<\/p>\n<figure id=\"attachment_10645\" aria-describedby=\"caption-attachment-10645\" style=\"width: 201px\" class=\"wp-caption alignnone\"><img fetchpriority=\"high\" decoding=\"async\" class=\"size-medium wp-image-10645\" src=\"https:\/\/fge.oaxaca.gob.mx\/wp-content\/uploads\/2025\/11\/Dise\u00f1o-sin-t\u00edtulo-5-201x300.jpg\" alt=\"\" width=\"201\" height=\"300\" \/><figcaption id=\"caption-attachment-10645\" class=\"wp-caption-text\">Dise\u00f1o sin t\u00edtulo &#8211; 1<\/figcaption><\/figure>\n","protected":false},"author":5,"featured_media":10626,"comment_status":"closed","ping_status":"closed","template":"","tags":[],"categoria_noticias":[],"class_list":["post-19331","noticias","type-noticias","status-publish","has-post-thumbnail","hentry"],"acf":[],"mb":[],"mfb_rest_fields":["title","gutenberg_elementor_mode"],"_links":{"self":[{"href":"https:\/\/portal.fgeo.gob.mx\/index.php\/wp-json\/wp\/v2\/noticias\/19331","targetHints":{"allow":["GET"]}}],"collection":[{"href":"https:\/\/portal.fgeo.gob.mx\/index.php\/wp-json\/wp\/v2\/noticias"}],"about":[{"href":"https:\/\/portal.fgeo.gob.mx\/index.php\/wp-json\/wp\/v2\/types\/noticias"}],"author":[{"embeddable":true,"href":"https:\/\/portal.fgeo.gob.mx\/index.php\/wp-json\/wp\/v2\/users\/5"}],"replies":[{"embeddable":true,"href":"https:\/\/portal.fgeo.gob.mx\/index.php\/wp-json\/wp\/v2\/comments?post=19331"}],"wp:featuredmedia":[{"embeddable":true,"href":"https:\/\/portal.fgeo.gob.mx\/index.php\/wp-json\/"}],"wp:attachment":[{"href":"https:\/\/portal.fgeo.gob.mx\/index.php\/wp-json\/wp\/v2\/media?parent=19331"}],"wp:term":[{"taxonomy":"post_tag","embeddable":true,"href":"https:\/\/portal.fgeo.gob.mx\/index.php\/wp-json\/wp\/v2\/tags?post=19331"},{"taxonomy":"categoria_noticias","embeddable":true,"href":"https:\/\/portal.fgeo.gob.mx\/index.php\/wp-json\/wp\/v2\/categoria_noticias?post=19331"}],"curies":[{"name":"wp","href":"https:\/\/api.w.org\/{rel}","templated":true}]}}