{"id":19330,"date":"2025-11-05T10:29:01","date_gmt":"2025-11-05T16:29:01","guid":{"rendered":"https:\/\/fge.oaxaca.gob.mx\/?post_type=noticias&amp;p=10640"},"modified":"2025-11-05T10:29:01","modified_gmt":"2025-11-05T16:29:01","slug":"boletin-1898-fiscalia-de-oaxaca-obtiene-vinculacion-a-proceso-contra-detenido-por-halconeo-con-drone-durante-operacion-pescador-en-la-central-de-abasto","status":"publish","type":"noticias","link":"https:\/\/portal.fgeo.gob.mx\/index.php\/archivos\/noticias\/boletin-1898-fiscalia-de-oaxaca-obtiene-vinculacion-a-proceso-contra-detenido-por-halconeo-con-drone-durante-operacion-pescador-en-la-central-de-abasto","title":{"rendered":"BOLET\u00cdN 1,898.- Fiscal\u00eda de Oaxaca obtiene vinculaci\u00f3n a proceso contra detenido por \u201cHalconeo\u201d con drone durante Operaci\u00f3n Pescador en la Central de Abasto"},"content":{"rendered":"<p>&nbsp;<\/p>\n<p><strong>Oaxaca de Ju\u00e1rez, Oax. 05 de noviembre de 2025.-<\/strong> En seguimiento a las acciones estrat\u00e9gicas del Programa Oaxaca Seguro, en el que participa activamente la Fiscal\u00eda General del Estado de Oaxaca (FGEO), se obtuvo auto de vinculaci\u00f3n a proceso contra una persona del sexo masculino identificada como A.I.C.R., por el delito contra actos de investigaci\u00f3n y actividades de seguridad p\u00fablica y del Estado, tambi\u00e9n conocido coloquialmente como \u201chalconeo\u201d. El imputado fue detenido mientras operaba un drone durante la ejecuci\u00f3n de la tercera etapa de la Operaci\u00f3n Pescador, en la Central de Abasto de la capital oaxaque\u00f1a.<\/p>\n<p>&nbsp;<\/p>\n<p>De acuerdo con el expediente penal, los hechos ocurrieron el 23 de octubre de 2025, cuando la Fiscal\u00eda de Oaxaca, a trav\u00e9s de la Vicefiscal\u00eda Regional de Valles Centrales y la Agencia Estatal de Investigaciones (AEI), la Secretar\u00eda de la Defensa Nacional (DEFENSA), la Guardia Nacional, Secretar\u00eda de Gobierno (SEGO), la Polic\u00eda Auxiliar, Bancaria, Industrial y Comercial (PABIC), la Polic\u00eda Municipal de Oaxaca de Ju\u00e1rez, Polic\u00eda Estatal, Polic\u00eda Vial Estatal, Coordinaci\u00f3n para la Atenci\u00f3n a los Derechos Humanos (CADH) y Comisi\u00f3n Ejecutiva Estatal de Atenci\u00f3n Integral a V\u00edctimas (CEEAV) se encontraban implementando el operativo de seguridad en distintos puntos dentro del per\u00edmetro de la Central de Abasto.<\/p>\n<p>&nbsp;<\/p>\n<p>La investigaci\u00f3n revela que, en el lugar, el imputado operaba un drone a\u00e9reo mediante control remoto, presuntamente con la finalidad de vigilar e informar sobre las zonas de despliegue del operativo de seguridad.<\/p>\n<p>&nbsp;<\/p>\n<p>Este tipo de conductas delictivas est\u00e1 tipificado en el C\u00f3digo penal, por interferir en el cumplimiento de las funciones policiales en un espacio p\u00fablico, motivo por el cual fue detenido y puesto a disposici\u00f3n de la autoridad correspondiente.<\/p>\n<p>&nbsp;<\/p>\n<p>Durante la audiencia, y tras analizar los datos de prueba presentados por la Fiscal\u00eda de Oaxaca -a trav\u00e9s de la Vicefiscal\u00eda Regional de Valles Centrales-, el Juez dict\u00f3 auto de vinculaci\u00f3n a proceso contra A.I.C.R. por el delito contra actos de investigaci\u00f3n y actividades de seguridad p\u00fablica y del Estado, imponiendo las medidas cautelares correspondientes, adem\u00e1s de otorgar el plazo de un mes para el cierre de la investigaci\u00f3n complementaria.<\/p>\n<p>&nbsp;<\/p>\n<p>La Fiscal\u00eda General del Estado de Oaxaca reitera su compromiso de llevar a cabo investigaciones exhaustivas para el esclarecimiento de los delitos, aplicando con firmeza el marco legal a quienes resulten responsables.<\/p>\n<p><img fetchpriority=\"high\" decoding=\"async\" class=\"size-medium wp-image-10641\" src=\"https:\/\/fge.oaxaca.gob.mx\/wp-content\/uploads\/2025\/11\/Dise\u00f1o-sin-t\u00edtulo-3-300x244.jpg\" alt=\"\" width=\"300\" height=\"244\" \/><\/p>\n","protected":false},"author":5,"featured_media":10626,"comment_status":"closed","ping_status":"closed","template":"","tags":[],"categoria_noticias":[],"class_list":["post-19330","noticias","type-noticias","status-publish","has-post-thumbnail","hentry"],"acf":[],"mb":[],"mfb_rest_fields":["title","gutenberg_elementor_mode"],"_links":{"self":[{"href":"https:\/\/portal.fgeo.gob.mx\/index.php\/wp-json\/wp\/v2\/noticias\/19330","targetHints":{"allow":["GET"]}}],"collection":[{"href":"https:\/\/portal.fgeo.gob.mx\/index.php\/wp-json\/wp\/v2\/noticias"}],"about":[{"href":"https:\/\/portal.fgeo.gob.mx\/index.php\/wp-json\/wp\/v2\/types\/noticias"}],"author":[{"embeddable":true,"href":"https:\/\/portal.fgeo.gob.mx\/index.php\/wp-json\/wp\/v2\/users\/5"}],"replies":[{"embeddable":true,"href":"https:\/\/portal.fgeo.gob.mx\/index.php\/wp-json\/wp\/v2\/comments?post=19330"}],"wp:featuredmedia":[{"embeddable":true,"href":"https:\/\/portal.fgeo.gob.mx\/index.php\/wp-json\/"}],"wp:attachment":[{"href":"https:\/\/portal.fgeo.gob.mx\/index.php\/wp-json\/wp\/v2\/media?parent=19330"}],"wp:term":[{"taxonomy":"post_tag","embeddable":true,"href":"https:\/\/portal.fgeo.gob.mx\/index.php\/wp-json\/wp\/v2\/tags?post=19330"},{"taxonomy":"categoria_noticias","embeddable":true,"href":"https:\/\/portal.fgeo.gob.mx\/index.php\/wp-json\/wp\/v2\/categoria_noticias?post=19330"}],"curies":[{"name":"wp","href":"https:\/\/api.w.org\/{rel}","templated":true}]}}