{"id":19329,"date":"2025-11-04T14:35:10","date_gmt":"2025-11-04T20:35:10","guid":{"rendered":"https:\/\/fge.oaxaca.gob.mx\/?post_type=noticias&amp;p=10636"},"modified":"2025-11-04T14:35:10","modified_gmt":"2025-11-04T20:35:10","slug":"boletin-1896-fgeo-logra-vinculacion-a-proceso-y-prision-contra-un-hombre-por-violencia-familiar-al-agredir-a-su-padre-en-la-costa","status":"publish","type":"noticias","link":"https:\/\/portal.fgeo.gob.mx\/index.php\/archivos\/noticias\/boletin-1896-fgeo-logra-vinculacion-a-proceso-y-prision-contra-un-hombre-por-violencia-familiar-al-agredir-a-su-padre-en-la-costa","title":{"rendered":"BOLET\u00cdN 1,896.- FGEO logra vinculaci\u00f3n a proceso y prisi\u00f3n contra un hombre por violencia familiar al agredir a su padre, en la Costa"},"content":{"rendered":"<p>&nbsp;<\/p>\n<p><strong>Oaxaca de Ju\u00e1rez, Oax. 04 de noviembre de 2025.-<\/strong> La Fiscal\u00eda General del Estado de Oaxaca (FGEO) obtuvo la vinculaci\u00f3n a proceso y prisi\u00f3n en contra de una persona del sexo masculino identificada como F.L.B., por el delito de Violencia Familiar ocurrida en la regi\u00f3n de la Costa.<\/p>\n<p>&nbsp;<\/p>\n<p>El expediente de la FGEO, detalla que los hechos ocurrieron el d\u00eda 17 de octubre de 2025, cuando la v\u00edctima -padre del imputado- lleg\u00f3 a su domicilio ubicado en la Secci\u00f3n Tercera de San Pedro Pochutla y encontr\u00f3 a F.L.B., destrozado sus pertenencias y al reclamarle, \u00e9ste se lanz\u00f3 contra \u00e9l, primero con agresiones verbales y posteriormente f\u00edsicas, incluso intent\u00f3 lesionarlo con una barreta, poniendo en peligro su integridad f\u00edsica y causando alteraciones emocionales.<\/p>\n<p>&nbsp;<\/p>\n<p>Ante estos hechos y, tras la denuncia interpuesta, la Fiscal\u00eda de Oaxaca a trav\u00e9s de la Vicefiscal\u00eda Regional de la Costa, inici\u00f3 las investigaciones logrando reunir las pruebas suficientes para acreditar el delito y con ello, obtener una orden de aprehensi\u00f3n en contra de F.L.B., para despu\u00e9s ser detenido y presentado ante la autoridad competente para su debido proceso legal.<\/p>\n<p>&nbsp;<\/p>\n<p>Tras la presentaci\u00f3n de dichos argumentos, la autoridad judicial llev\u00f3 a cabo la audiencia de control y al valorar los datos de prueba, calific\u00f3 como legal la detenci\u00f3n y posteriormente dict\u00f3 auto de vinculaci\u00f3n a proceso en contra de F.L.B., por el delito de violencia familiar e impuso la medida cautelar de prisi\u00f3n preventiva justificada, adem\u00e1s de otorgar dos meses para el cierre de la investigaci\u00f3n complementaria.<\/p>\n<p>&nbsp;<\/p>\n<p>La Fiscal\u00eda de Oaxaca est\u00e1 comprometida con brindar investigaciones prontas, especialmente en materia del delito de violencia familiar, pues con esto busca garantizar a las v\u00edctimas procesos de procuraci\u00f3n de justicia eficientes.<\/p>\n<figure id=\"attachment_10637\" aria-describedby=\"caption-attachment-10637\" style=\"width: 254px\" class=\"wp-caption alignnone\"><img fetchpriority=\"high\" decoding=\"async\" class=\"size-medium wp-image-10637\" src=\"https:\/\/fge.oaxaca.gob.mx\/wp-content\/uploads\/2025\/11\/Dise\u00f1o-sin-t\u00edtulo-1-1-254x300.jpg\" alt=\"\" width=\"254\" height=\"300\" \/><figcaption id=\"caption-attachment-10637\" class=\"wp-caption-text\">Dise\u00f1o sin t\u00edtulo &#8211; 1<\/figcaption><\/figure>\n","protected":false},"author":5,"featured_media":10626,"comment_status":"closed","ping_status":"closed","template":"","tags":[],"categoria_noticias":[],"class_list":["post-19329","noticias","type-noticias","status-publish","has-post-thumbnail","hentry"],"acf":[],"mb":[],"mfb_rest_fields":["title","gutenberg_elementor_mode"],"_links":{"self":[{"href":"https:\/\/portal.fgeo.gob.mx\/index.php\/wp-json\/wp\/v2\/noticias\/19329","targetHints":{"allow":["GET"]}}],"collection":[{"href":"https:\/\/portal.fgeo.gob.mx\/index.php\/wp-json\/wp\/v2\/noticias"}],"about":[{"href":"https:\/\/portal.fgeo.gob.mx\/index.php\/wp-json\/wp\/v2\/types\/noticias"}],"author":[{"embeddable":true,"href":"https:\/\/portal.fgeo.gob.mx\/index.php\/wp-json\/wp\/v2\/users\/5"}],"replies":[{"embeddable":true,"href":"https:\/\/portal.fgeo.gob.mx\/index.php\/wp-json\/wp\/v2\/comments?post=19329"}],"wp:featuredmedia":[{"embeddable":true,"href":"https:\/\/portal.fgeo.gob.mx\/index.php\/wp-json\/"}],"wp:attachment":[{"href":"https:\/\/portal.fgeo.gob.mx\/index.php\/wp-json\/wp\/v2\/media?parent=19329"}],"wp:term":[{"taxonomy":"post_tag","embeddable":true,"href":"https:\/\/portal.fgeo.gob.mx\/index.php\/wp-json\/wp\/v2\/tags?post=19329"},{"taxonomy":"categoria_noticias","embeddable":true,"href":"https:\/\/portal.fgeo.gob.mx\/index.php\/wp-json\/wp\/v2\/categoria_noticias?post=19329"}],"curies":[{"name":"wp","href":"https:\/\/api.w.org\/{rel}","templated":true}]}}