{"id":19328,"date":"2025-11-04T12:22:23","date_gmt":"2025-11-04T18:22:23","guid":{"rendered":"https:\/\/fge.oaxaca.gob.mx\/?post_type=noticias&amp;p=10634"},"modified":"2025-11-04T12:22:23","modified_gmt":"2025-11-04T18:22:23","slug":"boletin-1895-fiscalia-de-oaxaca-obtiene-fallo-condenatorio-para-el-responsable-de-feminicidio-en-contra-de-su-pareja-cometido-en-san-agustin-de-las-juntas","status":"publish","type":"noticias","link":"https:\/\/portal.fgeo.gob.mx\/index.php\/archivos\/noticias\/boletin-1895-fiscalia-de-oaxaca-obtiene-fallo-condenatorio-para-el-responsable-de-feminicidio-en-contra-de-su-pareja-cometido-en-san-agustin-de-las-juntas","title":{"rendered":"BOLET\u00cdN 1,895.- Fiscal\u00eda de Oaxaca obtiene fallo condenatorio para el responsable de Feminicidio en contra de su pareja, cometido en San Agust\u00edn de las Juntas"},"content":{"rendered":"<p>&nbsp;<\/p>\n<p><strong>Oaxaca de Ju\u00e1rez, Oax. 04 de noviembre de 2025.-<\/strong> El trabajo realizado por las \u00e1reas especializadas de la Fiscal\u00eda General del Estado de Oaxaca (FGEO) en materia de procuraci\u00f3n de justicia por delitos cometidos contra las mujeres por raz\u00f3n de g\u00e9nero, permiti\u00f3 obtener un fallo condenatorio en contra de V.R.M., responsable del delito de Feminicidio Agravado en agravio de Y.S.S., ocurrido en la regi\u00f3n de los Valles Centrales.<\/p>\n<p>&nbsp;<\/p>\n<p>De acuerdo con el expediente penal del caso, la v\u00edctima fue vista por \u00faltima vez el 15 de noviembre de 2017, y posteriormente se ausent\u00f3, lo que llev\u00f3 a sus familiares a reportar su desaparici\u00f3n.<\/p>\n<p>&nbsp;<\/p>\n<p>En tanto que, el 18 de noviembre de 2017, al interior de un domicilio ubicado en la calle Vega, en San Agust\u00edn de las Juntas, fue localizado el cuerpo sin vida de la v\u00edctima, quien presentaba lesiones que le causaron la muerte.<\/p>\n<p>&nbsp;<\/p>\n<p>Las investigaciones revelaron que la v\u00edctima manten\u00eda una relaci\u00f3n en concubinato con su agresor, durante la cual sufri\u00f3 violencia f\u00edsica, motivo por el que decidi\u00f3 alejarse.<\/p>\n<p>&nbsp;<\/p>\n<p>Ante estos hechos, la FGEO inici\u00f3 las investigaciones correspondientes -a trav\u00e9s de la Fiscal\u00eda Especializada para la Atenci\u00f3n a Delitos contra la Mujer por Raz\u00f3n de G\u00e9nero y la Fiscal\u00eda para la Atenci\u00f3n e Investigaci\u00f3n de Feminicidios- las cuales permitieron trazar l\u00edneas de investigaci\u00f3n que llevaron a la localizaci\u00f3n y posterior detenci\u00f3n de V.R.M.<\/p>\n<p>&nbsp;<\/p>\n<p>Como resultado de las pruebas presentadas por la Fiscal\u00eda de Oaxaca, el Tribunal de Enjuiciamiento dict\u00f3 fallo condenatorio contra de V.R.M., por su responsabilidad en la comisi\u00f3n del delito de Feminicidio Agravado, por lo que fue ingresado a un centro penitenciario en espera de la lectura de sentencia.<\/p>\n<p>&nbsp;<\/p>\n<p>La Fiscal\u00eda General del Estado de Oaxaca refrenda su compromiso de llevar ante la justicia a quien o quienes resulten responsables, especialmente en delitos cometidos contra mujeres, mediante investigaciones integrales y con perspectiva de g\u00e9nero que garanticen a las v\u00edctimas un acceso efectivo a la justicia.<\/p>\n<p><img decoding=\"async\" class=\"size-full wp-image-10635\" src=\"https:\/\/fge.oaxaca.gob.mx\/wp-content\/uploads\/2025\/11\/Dise\u00f1o-sin-t\u00edtulo-2.jpg\" alt=\"\" width=\"120\" height=\"109\" \/><\/p>\n","protected":false},"author":5,"featured_media":10626,"comment_status":"closed","ping_status":"closed","template":"","tags":[],"categoria_noticias":[],"class_list":["post-19328","noticias","type-noticias","status-publish","has-post-thumbnail","hentry"],"acf":[],"mb":[],"mfb_rest_fields":["title","gutenberg_elementor_mode"],"_links":{"self":[{"href":"https:\/\/portal.fgeo.gob.mx\/index.php\/wp-json\/wp\/v2\/noticias\/19328","targetHints":{"allow":["GET"]}}],"collection":[{"href":"https:\/\/portal.fgeo.gob.mx\/index.php\/wp-json\/wp\/v2\/noticias"}],"about":[{"href":"https:\/\/portal.fgeo.gob.mx\/index.php\/wp-json\/wp\/v2\/types\/noticias"}],"author":[{"embeddable":true,"href":"https:\/\/portal.fgeo.gob.mx\/index.php\/wp-json\/wp\/v2\/users\/5"}],"replies":[{"embeddable":true,"href":"https:\/\/portal.fgeo.gob.mx\/index.php\/wp-json\/wp\/v2\/comments?post=19328"}],"wp:featuredmedia":[{"embeddable":true,"href":"https:\/\/portal.fgeo.gob.mx\/index.php\/wp-json\/"}],"wp:attachment":[{"href":"https:\/\/portal.fgeo.gob.mx\/index.php\/wp-json\/wp\/v2\/media?parent=19328"}],"wp:term":[{"taxonomy":"post_tag","embeddable":true,"href":"https:\/\/portal.fgeo.gob.mx\/index.php\/wp-json\/wp\/v2\/tags?post=19328"},{"taxonomy":"categoria_noticias","embeddable":true,"href":"https:\/\/portal.fgeo.gob.mx\/index.php\/wp-json\/wp\/v2\/categoria_noticias?post=19328"}],"curies":[{"name":"wp","href":"https:\/\/api.w.org\/{rel}","templated":true}]}}