{"id":19327,"date":"2025-11-04T09:40:04","date_gmt":"2025-11-04T15:40:04","guid":{"rendered":"https:\/\/fge.oaxaca.gob.mx\/?post_type=noticias&amp;p=10632"},"modified":"2025-11-04T09:40:04","modified_gmt":"2025-11-04T15:40:04","slug":"boletin-1894-fiscalia-de-oaxaca-detiene-a-tres-personas-ligadas-a-celula-del-comandante-cromo-por-extorsion-y-cobro-de-piso-a-comerciantes-en-el-istmo-de-tehuantepec","status":"publish","type":"noticias","link":"https:\/\/portal.fgeo.gob.mx\/index.php\/archivos\/noticias\/boletin-1894-fiscalia-de-oaxaca-detiene-a-tres-personas-ligadas-a-celula-del-comandante-cromo-por-extorsion-y-cobro-de-piso-a-comerciantes-en-el-istmo-de-tehuantepec","title":{"rendered":"BOLET\u00cdN 1,894.- Fiscal\u00eda de Oaxaca detiene a tres personas ligadas a c\u00e9lula del \u201cComandante Cromo\u201d, por extorsi\u00f3n y cobro de piso a comerciantes en el Istmo de Tehuantepec"},"content":{"rendered":"<p style=\"font-weight: 400\"><strong>Oaxaca de Ju\u00e1rez, Oax. 04 de noviembre de 2025.-<\/strong>\u00a0Como resultado del despliegue de la \u201cOperaci\u00f3n Sable\u201d, la Fiscal\u00eda General del Estado de Oaxaca (FGEO) logr\u00f3 la detenci\u00f3n de tres personas del sexo masculino, identificadas como A.T.A., A.J.R.A. y B.A.C.M., por el delito de extorsi\u00f3n y cobro de piso a comerciantes en la regi\u00f3n del Istmo de Tehuantepec, quienes estar\u00edan ligados a la c\u00e9lula delictiva del \u201cComandante Cromo\u201d.<\/p>\n<p style=\"font-weight: 400\">\n<p style=\"font-weight: 400\">De acuerdo con las investigaciones, los detenidos presuntamente formaban parte del grupo delictivo del \u201cComandante Cromo\u201d vinculado con la comisi\u00f3n de delitos como: extorsi\u00f3n, cobro de piso, portaci\u00f3n de armas de fuego y amenazas, adem\u00e1s de ser se\u00f1alados por efectuar detonaciones de arma de fuego contra los domicilios de personas que se negaban a realizar los pagos extorsivos.<\/p>\n<p style=\"font-weight: 400\">\n<p style=\"font-weight: 400\">Tras conocer estos hechos, la FGEO, a trav\u00e9s de la Unidad Policial Especializada en Combate al Secuestro (UPECS) y la Vicefiscal\u00eda Regional del Istmo, en coordinaci\u00f3n con la Secretar\u00eda de la Defensa Nacional (DEFENSA), Secretar\u00eda de Marina, Guardia Nacional, Secretar\u00eda de Seguridad y Protecci\u00f3n Ciudadana, Secretar\u00eda de Gobierno y el Secretariado Ejecutivo del Sistema Estatal de Seguridad P\u00fablica, desplegaron un operativo en el municipio de Juchit\u00e1n de Zaragoza, donde se logr\u00f3 la detenci\u00f3n de A.T.A., A.J.R.A. y B.A.C.M., por el delito de extorsi\u00f3n.<\/p>\n<p style=\"font-weight: 400\">\n<p style=\"font-weight: 400\">Posteriormente, los detenidos fueron puestos a disposici\u00f3n del Ministerio P\u00fablico, para resolver su situaci\u00f3n jur\u00eddica.<\/p>\n<p style=\"font-weight: 400\">\n<p style=\"font-weight: 400\">La Fiscal\u00eda General del Estado de Oaxaca mantiene de manera permanente acciones de inteligencia y coordinaci\u00f3n interinstitucional, orientadas a identificar y detener a objetivos generadores de violencia, contribuyendo as\u00ed a fortalecer la seguridad y la paz en todas las regiones de la entidad.<\/p>\n<p style=\"font-weight: 400\"><img decoding=\"async\" class=\"alignnone size-medium wp-image-10633\" src=\"https:\/\/fge.oaxaca.gob.mx\/wp-content\/uploads\/2025\/11\/WhatsApp-Image-2025-10-29-at-1.20.33-PM-300x95.jpeg\" alt=\"\" width=\"300\" height=\"95\" \/><\/p>\n","protected":false},"author":5,"featured_media":10626,"comment_status":"closed","ping_status":"closed","template":"","tags":[],"categoria_noticias":[],"class_list":["post-19327","noticias","type-noticias","status-publish","has-post-thumbnail","hentry"],"acf":[],"mb":[],"mfb_rest_fields":["title","gutenberg_elementor_mode"],"_links":{"self":[{"href":"https:\/\/portal.fgeo.gob.mx\/index.php\/wp-json\/wp\/v2\/noticias\/19327","targetHints":{"allow":["GET"]}}],"collection":[{"href":"https:\/\/portal.fgeo.gob.mx\/index.php\/wp-json\/wp\/v2\/noticias"}],"about":[{"href":"https:\/\/portal.fgeo.gob.mx\/index.php\/wp-json\/wp\/v2\/types\/noticias"}],"author":[{"embeddable":true,"href":"https:\/\/portal.fgeo.gob.mx\/index.php\/wp-json\/wp\/v2\/users\/5"}],"replies":[{"embeddable":true,"href":"https:\/\/portal.fgeo.gob.mx\/index.php\/wp-json\/wp\/v2\/comments?post=19327"}],"wp:featuredmedia":[{"embeddable":true,"href":"https:\/\/portal.fgeo.gob.mx\/index.php\/wp-json\/"}],"wp:attachment":[{"href":"https:\/\/portal.fgeo.gob.mx\/index.php\/wp-json\/wp\/v2\/media?parent=19327"}],"wp:term":[{"taxonomy":"post_tag","embeddable":true,"href":"https:\/\/portal.fgeo.gob.mx\/index.php\/wp-json\/wp\/v2\/tags?post=19327"},{"taxonomy":"categoria_noticias","embeddable":true,"href":"https:\/\/portal.fgeo.gob.mx\/index.php\/wp-json\/wp\/v2\/categoria_noticias?post=19327"}],"curies":[{"name":"wp","href":"https:\/\/api.w.org\/{rel}","templated":true}]}}