{"id":19325,"date":"2025-11-03T14:08:11","date_gmt":"2025-11-03T20:08:11","guid":{"rendered":"https:\/\/fge.oaxaca.gob.mx\/?post_type=noticias&amp;p=10628"},"modified":"2025-11-03T14:08:11","modified_gmt":"2025-11-03T20:08:11","slug":"boletin-1892-fiscalia-de-oaxaca-obtiene-vinculacion-a-proceso-y-prision-contra-imputado-por-robo-a-tienda-oxxo-en-santa-lucia-del-camino-estaria-vinculado-con-red-delictiva-que-operaba-en-zona-met","status":"publish","type":"noticias","link":"https:\/\/portal.fgeo.gob.mx\/index.php\/archivos\/noticias\/boletin-1892-fiscalia-de-oaxaca-obtiene-vinculacion-a-proceso-y-prision-contra-imputado-por-robo-a-tienda-oxxo-en-santa-lucia-del-camino-estaria-vinculado-con-red-delictiva-que-operaba-en-zona-met","title":{"rendered":"BOLET\u00cdN 1,892.- Fiscal\u00eda de Oaxaca obtiene vinculaci\u00f3n a proceso y prisi\u00f3n contra imputado por robo a tienda Oxxo en Santa Luc\u00eda del Camino; estar\u00eda vinculado con red delictiva que operaba en Zona Metropolitana"},"content":{"rendered":"<p>&nbsp;<\/p>\n<p><strong>Oaxaca de Ju\u00e1rez, Oax. 03 de noviembre de 2025.- <\/strong>La Fiscal\u00eda General del Estado de Oaxaca (FGEO) obtuvo auto de vinculaci\u00f3n a proceso en contra de una persona del sexo masculino identificada como C.R.R.R., por el delito de robo con violencia moral a las personas, cometido en perjuicio de una tienda Oxxo ubicada en Santa Luc\u00eda del Camino, adem\u00e1s que las investigaciones ministeriales sugieren que el imputado estar\u00eda relacionado con una red dedicada al robo de este tipo de tiendas de conveniencia que operaba en la Zona Metropolitana.<\/p>\n<p>De acuerdo con el expediente penal, los hechos ocurrieron el 29 de octubre de 2025, cuando el imputado ingres\u00f3 a una tienda de conveniencia Oxxo ubicada en la avenida L\u00e1zaro C\u00e1rdenas, colonia Bosque Norte, en el municipio de Santa Luc\u00eda del Camino, de donde sustrajo un tel\u00e9fono celular y dinero de empleados, para posteriormente dirigirse al \u00e1rea de cajas y apoderarse del dinero en efectivo.<\/p>\n<p>La investigaci\u00f3n revela que, tras cometer el delito, el responsable huy\u00f3 del establecimiento; sin embargo, momentos despu\u00e9s, y gracias al se\u00f1alamiento de testigos, C.R.R.R. fue detenido por la Polic\u00eda Municipal de Santa Luc\u00eda del Camino y puesto a disposici\u00f3n de la autoridad competente.<\/p>\n<p>En audiencia, y tras analizar los datos de prueba presentados por la FGEO a trav\u00e9s de la Vicefiscal\u00eda Regional de Valles Centrales, el Juez de la Causa determin\u00f3 vincular a proceso al imputado por el delito de robo con violencia moral a las personas, imponiendo la medida cautelar de prisi\u00f3n preventiva y otorgar el plazo de un mes para el cierre de la investigaci\u00f3n complementaria.<\/p>\n<p>En tanto que, estas investigaciones sugieren que el imputado estar\u00eda vinculado con una red delictiva local que se dedica al robo de este tipo de tiendas en diferentes municipios de la Zona Metropolitana de los Valles Centrales.<\/p>\n<p>La Fiscal\u00eda General del Estado de Oaxaca reafirma su compromiso de implementar acciones de inteligencia para detectar objetivos generadores de violencia y fortalecer la paz y seguridad en todas las regiones de la entidad.<\/p>\n<p><img fetchpriority=\"high\" decoding=\"async\" class=\"size-medium wp-image-10629\" src=\"https:\/\/fge.oaxaca.gob.mx\/wp-content\/uploads\/2025\/11\/Dise\u00f1o-sin-t\u00edtulo-300x295.jpg\" alt=\"\" width=\"300\" height=\"295\" \/><\/p>\n","protected":false},"author":5,"featured_media":10626,"comment_status":"closed","ping_status":"closed","template":"","tags":[],"categoria_noticias":[],"class_list":["post-19325","noticias","type-noticias","status-publish","has-post-thumbnail","hentry"],"acf":[],"mb":[],"mfb_rest_fields":["title","gutenberg_elementor_mode"],"_links":{"self":[{"href":"https:\/\/portal.fgeo.gob.mx\/index.php\/wp-json\/wp\/v2\/noticias\/19325","targetHints":{"allow":["GET"]}}],"collection":[{"href":"https:\/\/portal.fgeo.gob.mx\/index.php\/wp-json\/wp\/v2\/noticias"}],"about":[{"href":"https:\/\/portal.fgeo.gob.mx\/index.php\/wp-json\/wp\/v2\/types\/noticias"}],"author":[{"embeddable":true,"href":"https:\/\/portal.fgeo.gob.mx\/index.php\/wp-json\/wp\/v2\/users\/5"}],"replies":[{"embeddable":true,"href":"https:\/\/portal.fgeo.gob.mx\/index.php\/wp-json\/wp\/v2\/comments?post=19325"}],"wp:featuredmedia":[{"embeddable":true,"href":"https:\/\/portal.fgeo.gob.mx\/index.php\/wp-json\/"}],"wp:attachment":[{"href":"https:\/\/portal.fgeo.gob.mx\/index.php\/wp-json\/wp\/v2\/media?parent=19325"}],"wp:term":[{"taxonomy":"post_tag","embeddable":true,"href":"https:\/\/portal.fgeo.gob.mx\/index.php\/wp-json\/wp\/v2\/tags?post=19325"},{"taxonomy":"categoria_noticias","embeddable":true,"href":"https:\/\/portal.fgeo.gob.mx\/index.php\/wp-json\/wp\/v2\/categoria_noticias?post=19325"}],"curies":[{"name":"wp","href":"https:\/\/api.w.org\/{rel}","templated":true}]}}