{"id":19324,"date":"2025-11-01T16:52:14","date_gmt":"2025-11-01T22:52:14","guid":{"rendered":"https:\/\/fge.oaxaca.gob.mx\/?post_type=noticias&amp;p=10627"},"modified":"2025-11-01T16:52:14","modified_gmt":"2025-11-01T22:52:14","slug":"boletin-1888-fiscalia-de-oaxaca-obtiene-sentencia-de-30-anos-de-prision-contra-responsable-de-homicidio-con-arma-de-fuego-cometido-en-santa-maria-del-tule","status":"publish","type":"noticias","link":"https:\/\/portal.fgeo.gob.mx\/index.php\/archivos\/noticias\/boletin-1888-fiscalia-de-oaxaca-obtiene-sentencia-de-30-anos-de-prision-contra-responsable-de-homicidio-con-arma-de-fuego-cometido-en-santa-maria-del-tule","title":{"rendered":"BOLET\u00cdN 1888.- Fiscal\u00eda de Oaxaca obtiene sentencia de 30 a\u00f1os de prisi\u00f3n contra responsable de homicidio con arma de fuego cometido en Santa Mar\u00eda del Tule"},"content":{"rendered":"<p style=\"font-weight: 400\"><strong>Oaxaca de Ju\u00e1rez a 1 de noviembre de 2025.-<\/strong>\u00a0La investigaci\u00f3n de delitos de alto impacto que realiza la Fiscal\u00eda General del Estado de Oaxaca (FGEO) dio como resultado la obtenci\u00f3n de una sentencia condenatoria de 30 a\u00f1os de prisi\u00f3n contra Efr\u00e9n M. L., por su responsabilidad en el delito de homicidio calificado con la agravante de ventaja, cometido en agravio de P. S. H. B., en la regi\u00f3n de los Valles Centrales.<\/p>\n<p style=\"font-weight: 400\">De acuerdo con el expediente penal, los hechos ocurrieron el 1 de enero de 2016, en calles de la poblaci\u00f3n de Santa Mar\u00eda del Tule, donde la v\u00edctima fue agredida con un arma de fuego tras una discusi\u00f3n, sufriendo lesiones que le causaron la muerte.<\/p>\n<p style=\"font-weight: 400\">Ante estos hechos, la Fiscal\u00eda de Oaxaca, a trav\u00e9s de la Vicefiscal\u00eda General de Control Regional, llev\u00f3 a cabo las investigaciones correspondientes que permitieron aprehender y presentar ante el juez a Efr\u00e9n M. L.<\/p>\n<p style=\"font-weight: 400\">Tras analizar los datos de prueba presentados por la FGEO, el Tribunal de Enjuiciamiento dict\u00f3 sentencia condenatoria de 30 a\u00f1os de prisi\u00f3n en contra de Efr\u00e9n M.L., por su responsabilidad en la comisi\u00f3n del delito de homicidio calificado con la agravante de ventaja, adem\u00e1s de imponerle el pago por la reparaci\u00f3n del da\u00f1o.<\/p>\n<p style=\"font-weight: 400\">El empleo de protocolos especializados y t\u00e9cnicas cient\u00edficas de investigaci\u00f3n criminal permite a la Fiscal\u00eda de Oaxaca fortalecer la procuraci\u00f3n de justicia y brindar certeza jur\u00eddica a las v\u00edctimas y a la sociedad.<\/p>\n","protected":false},"author":5,"featured_media":10626,"comment_status":"closed","ping_status":"closed","template":"","tags":[],"categoria_noticias":[],"class_list":["post-19324","noticias","type-noticias","status-publish","has-post-thumbnail","hentry"],"acf":[],"mb":[],"mfb_rest_fields":["title","gutenberg_elementor_mode"],"_links":{"self":[{"href":"https:\/\/portal.fgeo.gob.mx\/index.php\/wp-json\/wp\/v2\/noticias\/19324","targetHints":{"allow":["GET"]}}],"collection":[{"href":"https:\/\/portal.fgeo.gob.mx\/index.php\/wp-json\/wp\/v2\/noticias"}],"about":[{"href":"https:\/\/portal.fgeo.gob.mx\/index.php\/wp-json\/wp\/v2\/types\/noticias"}],"author":[{"embeddable":true,"href":"https:\/\/portal.fgeo.gob.mx\/index.php\/wp-json\/wp\/v2\/users\/5"}],"replies":[{"embeddable":true,"href":"https:\/\/portal.fgeo.gob.mx\/index.php\/wp-json\/wp\/v2\/comments?post=19324"}],"wp:featuredmedia":[{"embeddable":true,"href":"https:\/\/portal.fgeo.gob.mx\/index.php\/wp-json\/"}],"wp:attachment":[{"href":"https:\/\/portal.fgeo.gob.mx\/index.php\/wp-json\/wp\/v2\/media?parent=19324"}],"wp:term":[{"taxonomy":"post_tag","embeddable":true,"href":"https:\/\/portal.fgeo.gob.mx\/index.php\/wp-json\/wp\/v2\/tags?post=19324"},{"taxonomy":"categoria_noticias","embeddable":true,"href":"https:\/\/portal.fgeo.gob.mx\/index.php\/wp-json\/wp\/v2\/categoria_noticias?post=19324"}],"curies":[{"name":"wp","href":"https:\/\/api.w.org\/{rel}","templated":true}]}}