{"id":19322,"date":"2025-11-02T13:00:34","date_gmt":"2025-11-02T19:00:34","guid":{"rendered":"https:\/\/fge.oaxaca.gob.mx\/?post_type=noticias&amp;p=10618"},"modified":"2025-11-02T13:00:34","modified_gmt":"2025-11-02T19:00:34","slug":"boletin-1889-fiscalia-de-oaxaca-obtiene-vinculacion-a-proceso-contra-imputado-por-agresion-con-cuchillo-fuera-de-una-tienda-en-la-region-de-la-costa","status":"publish","type":"noticias","link":"https:\/\/portal.fgeo.gob.mx\/index.php\/archivos\/noticias\/boletin-1889-fiscalia-de-oaxaca-obtiene-vinculacion-a-proceso-contra-imputado-por-agresion-con-cuchillo-fuera-de-una-tienda-en-la-region-de-la-costa","title":{"rendered":"BOLET\u00cdN 1889.-  Fiscal\u00eda de Oaxaca obtiene vinculaci\u00f3n a proceso contra imputado por agresi\u00f3n con cuchillo fuera de una tienda en la regi\u00f3n de la Costa"},"content":{"rendered":"<p><strong>\u00a0<\/strong><\/p>\n<p><strong>Oaxaca de Ju\u00e1rez a 2 de noviembre de 2025.-<\/strong> La Fiscal\u00eda General del Estado de Oaxaca (FGEO) obtuvo auto de vinculaci\u00f3n a proceso en contra de una persona del sexo masculino identificada como L.M.G., imputado por el delito de lesiones graves que ponen en peligro la vida, hecho ocurrido en la regi\u00f3n de la Costa.<\/p>\n<p>&nbsp;<\/p>\n<p>De acuerdo con el expediente penal del caso, los hechos ocurrieron el 07 de febrero de 2025, cuando la v\u00edctima, un hombre identificado como Z.G.M, fue atacado por el imputado con un arma punzocortante (cuchillo) cuando sal\u00eda de una tienda comercial ubicada en la comunidad Junta del Potrero perteneciente a Santa Mar\u00eda Colotepec.<\/p>\n<p>&nbsp;<\/p>\n<p>La investigaci\u00f3n detalla que, el imputado le caus\u00f3 a la v\u00edctima una herida profunda en el cuerpo la cual puso en peligro su vida.<\/p>\n<p>&nbsp;<\/p>\n<p>Cuando la FGEO tom\u00f3 conocimiento del caso inici\u00f3 las investigaciones a trav\u00e9s de la Vicefiscal\u00eda Regional de la Costa, las cuales permitieron obtener una orden de aprehensi\u00f3n y posteriormente, la detenci\u00f3n de L.M.G., quien fue puesto a disposici\u00f3n de la autoridad correspondiente quien inici\u00f3 la valoraci\u00f3n del caso.<\/p>\n<p>&nbsp;<\/p>\n<p>En audiencia y tras validar los datos de prueba proporcionados por la FGEO, el Juez de la Causa determin\u00f3 vincular a proceso al hoy imputado por el delito de lesiones graves que ponen en peligro la vida, adem\u00e1s de imponer la medida cautelar respectiva y otorgar dos meses para el cierre de la investigaci\u00f3n.<\/p>\n<p>&nbsp;<\/p>\n<p>La Fiscal\u00eda de Oaxaca garantiza investigaciones exhaustivas para esclarecer delitos, aplicando todo el rigor de la Ley a quien o quienes resulten responsables.<\/p>\n<p><img fetchpriority=\"high\" decoding=\"async\" class=\"alignnone size-medium wp-image-10619\" src=\"https:\/\/fge.oaxaca.gob.mx\/wp-content\/uploads\/2025\/11\/BOLET\u00cdN-1889.-Fiscal\u00eda-de-Oaxaca-obtiene-vinculaci\u00f3n-a-proceso-contra-imputado-por-agresi\u00f3n-con-cuchillo-fuera-de-una-tienda-en-la-regi\u00f3n-de-la-Costa_page-0001-232x300.jpg\" alt=\"\" width=\"232\" height=\"300\" \/> <img decoding=\"async\" class=\"alignnone size-medium wp-image-10620\" src=\"https:\/\/fge.oaxaca.gob.mx\/wp-content\/uploads\/2025\/11\/BOLET\u00cdN-1889.-Fiscal\u00eda-de-Oaxaca-obtiene-vinculaci\u00f3n-a-proceso-contra-imputado-por-agresi\u00f3n-con-cuchillo-fuera-de-una-tienda-en-la-regi\u00f3n-de-la-Costa-300x236.jpeg\" alt=\"\" width=\"300\" height=\"236\" \/><\/p>\n<p>&nbsp;<\/p>\n","protected":false},"author":5,"featured_media":10599,"comment_status":"closed","ping_status":"closed","template":"","tags":[],"categoria_noticias":[],"class_list":["post-19322","noticias","type-noticias","status-publish","has-post-thumbnail","hentry"],"acf":[],"mb":[],"mfb_rest_fields":["title","gutenberg_elementor_mode"],"_links":{"self":[{"href":"https:\/\/portal.fgeo.gob.mx\/index.php\/wp-json\/wp\/v2\/noticias\/19322","targetHints":{"allow":["GET"]}}],"collection":[{"href":"https:\/\/portal.fgeo.gob.mx\/index.php\/wp-json\/wp\/v2\/noticias"}],"about":[{"href":"https:\/\/portal.fgeo.gob.mx\/index.php\/wp-json\/wp\/v2\/types\/noticias"}],"author":[{"embeddable":true,"href":"https:\/\/portal.fgeo.gob.mx\/index.php\/wp-json\/wp\/v2\/users\/5"}],"replies":[{"embeddable":true,"href":"https:\/\/portal.fgeo.gob.mx\/index.php\/wp-json\/wp\/v2\/comments?post=19322"}],"wp:featuredmedia":[{"embeddable":true,"href":"https:\/\/portal.fgeo.gob.mx\/index.php\/wp-json\/"}],"wp:attachment":[{"href":"https:\/\/portal.fgeo.gob.mx\/index.php\/wp-json\/wp\/v2\/media?parent=19322"}],"wp:term":[{"taxonomy":"post_tag","embeddable":true,"href":"https:\/\/portal.fgeo.gob.mx\/index.php\/wp-json\/wp\/v2\/tags?post=19322"},{"taxonomy":"categoria_noticias","embeddable":true,"href":"https:\/\/portal.fgeo.gob.mx\/index.php\/wp-json\/wp\/v2\/categoria_noticias?post=19322"}],"curies":[{"name":"wp","href":"https:\/\/api.w.org\/{rel}","templated":true}]}}