{"id":19321,"date":"2025-11-01T12:06:36","date_gmt":"2025-11-01T18:06:36","guid":{"rendered":"https:\/\/fge.oaxaca.gob.mx\/?post_type=noticias&amp;p=10616"},"modified":"2025-11-01T12:06:36","modified_gmt":"2025-11-01T18:06:36","slug":"boletin-1887-fiscalia-de-oaxaca-obtiene-dos-vinculaciones-a-proceso-una-por-homicidio-calificado-y-narcomenudeo-en-diferentes-parte-de-la-costa","status":"publish","type":"noticias","link":"https:\/\/portal.fgeo.gob.mx\/index.php\/archivos\/noticias\/boletin-1887-fiscalia-de-oaxaca-obtiene-dos-vinculaciones-a-proceso-una-por-homicidio-calificado-y-narcomenudeo-en-diferentes-parte-de-la-costa","title":{"rendered":"BOLET\u00cdN 1887.- Fiscal\u00eda de Oaxaca obtiene dos vinculaciones a proceso: una por homicidio calificado y narcomenudeo en diferentes parte de la Costa"},"content":{"rendered":"<p>&nbsp;<\/p>\n<p><strong>Oaxaca de Ju\u00e1rez a 1 de noviembre de 2025.-<\/strong> La Fiscal\u00eda General del Estado de Oaxaca (FGEO) obtuvo dos autos de vinculaci\u00f3n a proceso en contra de dos personas del sexo masculino, por delitos contra la salud y homicidio calificado, ambos ocurridos en diferentes momentos en la regi\u00f3n de la Costa.<\/p>\n<p>&nbsp;<\/p>\n<p>De acuerdo con la investigaci\u00f3n asentada en el expediente penal, una de las vinculaciones a proceso se logr\u00f3 en contra de un hombre identificado como S.E.G., imputado por el delito de homicidio calificado con ventaja en agravio de L.G.U., ocurrido la noche del 06 de agosto de 2025.<\/p>\n<p>&nbsp;<\/p>\n<p>La investigaci\u00f3n detalla que los hechos ocurrieron en una de las calles de la localidad de Santa Mar\u00eda Yolotepec, perteneciente a Santa Catarina Juquila, lugar donde la v\u00edctima fue atacada con disparos de arma de fuego que lo privaron de la vida.<\/p>\n<p>&nbsp;<\/p>\n<p>Ante estos, y tras las investigaciones de la Vicefiscal\u00eda Regional de la Costa, elementos de la Agencia Estatal de Investigaciones (AEI) junto con la Secretar\u00eda de la Defensa Nacional (DEFENSA) Guardia Nacional (GN) Polic\u00eda Estatal y Polic\u00eda Vial Estatal, lograron aprehender a S.E.G., para posteriormente, ponerlo a disposici\u00f3n de la autoridad que lo requiri\u00f3 para su proceso jur\u00eddico.<\/p>\n<p>&nbsp;<\/p>\n<p>Tras el desahogo de pruebas aportadas por la FGEO, el juez de la causa consider\u00f3 suficientes los elementos para vincularlo a proceso e imponer prisi\u00f3n preventiva oficiosa, otorgando un plazo de tres meses para el cierre de la investigaci\u00f3n complementaria.<\/p>\n<p>&nbsp;<\/p>\n<p><strong><em>Vinculaci\u00f3n por narcomenudeo<\/em><\/strong><\/p>\n<p>&nbsp;<\/p>\n<p>Respecto al delito contra la salud, el auto de vinculaci\u00f3n se efectu\u00f3 en contra de un hombre de iniciales F.J.M.V., quien fue detenido con posesi\u00f3n de drogas a trav\u00e9s de un operativo de seguridad y vigilancia realizado por elementos de la Secretar\u00eda de Marina (SEMAR) y Polic\u00eda Municipal de Santiago Pinotepa Nacional en calles de la colonia Puente de esta demarcaci\u00f3n.<\/p>\n<p>&nbsp;<\/p>\n<p>La carpeta de investigaci\u00f3n, revela que el imputado fue inspeccionado legalmente luego de que intentar\u00e1 darse a la fuga cuando se percat\u00f3 de la presencia policial.<\/p>\n<p>&nbsp;<\/p>\n<p>Durante la revisi\u00f3n, los elementos de seguridad, hallaron entre sus pertenencias diversas dosis de cristal, por lo que fue detenido y presentado ante la Vicefiscal\u00eda Regional de la Costa, logrando que el juez de la causa dictara vinculaci\u00f3n a proceso por el delito contra la salud, concediendo un plazo de dos meses para el cierre de la investigaci\u00f3n complementaria.<\/p>\n<p>&nbsp;<\/p>\n<p>La Fiscal\u00eda General del Estado investiga en forma prioritaria los delitos de alto impacto con el objetivo de brindar a las v\u00edctimas directas e indirectas adecuados procesos de procuraci\u00f3n de justicia para las v\u00edctimas directas e indirectas.<\/p>\n","protected":false},"author":5,"featured_media":10599,"comment_status":"closed","ping_status":"closed","template":"","tags":[],"categoria_noticias":[],"class_list":["post-19321","noticias","type-noticias","status-publish","has-post-thumbnail","hentry"],"acf":[],"mb":[],"mfb_rest_fields":["title","gutenberg_elementor_mode"],"_links":{"self":[{"href":"https:\/\/portal.fgeo.gob.mx\/index.php\/wp-json\/wp\/v2\/noticias\/19321","targetHints":{"allow":["GET"]}}],"collection":[{"href":"https:\/\/portal.fgeo.gob.mx\/index.php\/wp-json\/wp\/v2\/noticias"}],"about":[{"href":"https:\/\/portal.fgeo.gob.mx\/index.php\/wp-json\/wp\/v2\/types\/noticias"}],"author":[{"embeddable":true,"href":"https:\/\/portal.fgeo.gob.mx\/index.php\/wp-json\/wp\/v2\/users\/5"}],"replies":[{"embeddable":true,"href":"https:\/\/portal.fgeo.gob.mx\/index.php\/wp-json\/wp\/v2\/comments?post=19321"}],"wp:featuredmedia":[{"embeddable":true,"href":"https:\/\/portal.fgeo.gob.mx\/index.php\/wp-json\/"}],"wp:attachment":[{"href":"https:\/\/portal.fgeo.gob.mx\/index.php\/wp-json\/wp\/v2\/media?parent=19321"}],"wp:term":[{"taxonomy":"post_tag","embeddable":true,"href":"https:\/\/portal.fgeo.gob.mx\/index.php\/wp-json\/wp\/v2\/tags?post=19321"},{"taxonomy":"categoria_noticias","embeddable":true,"href":"https:\/\/portal.fgeo.gob.mx\/index.php\/wp-json\/wp\/v2\/categoria_noticias?post=19321"}],"curies":[{"name":"wp","href":"https:\/\/api.w.org\/{rel}","templated":true}]}}