{"id":19320,"date":"2025-10-31T16:32:06","date_gmt":"2025-10-31T22:32:06","guid":{"rendered":"https:\/\/fge.oaxaca.gob.mx\/?post_type=noticias&amp;p=10614"},"modified":"2025-10-31T16:32:06","modified_gmt":"2025-10-31T22:32:06","slug":"boletin-1886-logra-fgeo-vinculacion-a-proceso-contra-imputado-por-violacion-contra-su-pareja-ocurrida-en-la-sierra-de-flores-magon","status":"publish","type":"noticias","link":"https:\/\/portal.fgeo.gob.mx\/index.php\/archivos\/noticias\/boletin-1886-logra-fgeo-vinculacion-a-proceso-contra-imputado-por-violacion-contra-su-pareja-ocurrida-en-la-sierra-de-flores-magon","title":{"rendered":"BOLET\u00cdN 1886.- Logra FGEO vinculaci\u00f3n a proceso contra imputado por violaci\u00f3n contra su pareja, ocurrida en la Sierra de Flores Mag\u00f3n"},"content":{"rendered":"<p><strong>Oaxaca de Ju\u00e1rez a 31 de octubre de 2025.-<\/strong> En acciones coordinadas en combate a delitos contra la mujer, la Fiscal\u00eda General del Estado de Oaxaca (FGEO) obtuvo auto de vinculaci\u00f3n a proceso en contra de una persona identificada como P.G.C., imputada por el delito de violaci\u00f3n, hechos ocurridos en la Sierra de Flores Mag\u00f3n.<\/p>\n<p>&nbsp;<\/p>\n<p>De acuerdo con el expediente penal, los hechos ocurrieron el 16 de enero de 2025, fecha en que la v\u00edctima (una mujer, cuya identidad est\u00e1 reservada por ley) fue agredida de manera f\u00edsica y sexual cuando se encontraba en el ba\u00f1o de su domicilio ubicado en la poblaci\u00f3n de Tepetitl\u00e1n perteneciente al municipio de Santa Mar\u00eda Teopoxco.<\/p>\n<p>&nbsp;<\/p>\n<p>La investigaci\u00f3n revela que la v\u00edctima sufr\u00eda constante violencia familiar, as\u00ed como actos de molestia, por parte del imputado (su pareja).<\/p>\n<p>&nbsp;<\/p>\n<p>Cuando la FGEO tom\u00f3 conocimiento del caso a trav\u00e9s de la denuncia, se iniciaron las investigaciones bajo el protocolo de perspectiva de g\u00e9nero, las cuales permitieron aprehender a P.G.C., para posteriormente presentarlo ante la autoridad judicial que lo vincul\u00f3 a proceso por el delito de violaci\u00f3n y le impuso prisi\u00f3n preventiva oficiosa, concediendo 2 meses para el cierre de la investigaci\u00f3n complementaria.<\/p>\n<p>&nbsp;<\/p>\n<p>La Fiscal\u00eda General del Estado de Oaxaca refrenda su compromiso de trabajar bajo protocolos de investigaciones eficientes y con perspectiva de g\u00e9nero, a fin de brindar a las v\u00edctimas directas e indirectas adecuados procesos de procuraci\u00f3n de justicia.<\/p>\n<p><img decoding=\"async\" class=\"alignnone size-medium wp-image-10615\" src=\"https:\/\/fge.oaxaca.gob.mx\/wp-content\/uploads\/2025\/10\/BOLET\u00cdN-1886.-Logra-FGEO-vinculaci\u00f3n-a-proceso-contra-imputado-por-violaci\u00f3n-contra-su-pareja-ocurrida-en-la-Sierra-de-Flores-Mag\u00f3n-150x300.jpeg\" alt=\"\" width=\"150\" height=\"300\" \/><\/p>\n","protected":false},"author":5,"featured_media":10599,"comment_status":"closed","ping_status":"closed","template":"","tags":[],"categoria_noticias":[],"class_list":["post-19320","noticias","type-noticias","status-publish","has-post-thumbnail","hentry"],"acf":[],"mb":[],"mfb_rest_fields":["title","gutenberg_elementor_mode"],"_links":{"self":[{"href":"https:\/\/portal.fgeo.gob.mx\/index.php\/wp-json\/wp\/v2\/noticias\/19320","targetHints":{"allow":["GET"]}}],"collection":[{"href":"https:\/\/portal.fgeo.gob.mx\/index.php\/wp-json\/wp\/v2\/noticias"}],"about":[{"href":"https:\/\/portal.fgeo.gob.mx\/index.php\/wp-json\/wp\/v2\/types\/noticias"}],"author":[{"embeddable":true,"href":"https:\/\/portal.fgeo.gob.mx\/index.php\/wp-json\/wp\/v2\/users\/5"}],"replies":[{"embeddable":true,"href":"https:\/\/portal.fgeo.gob.mx\/index.php\/wp-json\/wp\/v2\/comments?post=19320"}],"wp:featuredmedia":[{"embeddable":true,"href":"https:\/\/portal.fgeo.gob.mx\/index.php\/wp-json\/"}],"wp:attachment":[{"href":"https:\/\/portal.fgeo.gob.mx\/index.php\/wp-json\/wp\/v2\/media?parent=19320"}],"wp:term":[{"taxonomy":"post_tag","embeddable":true,"href":"https:\/\/portal.fgeo.gob.mx\/index.php\/wp-json\/wp\/v2\/tags?post=19320"},{"taxonomy":"categoria_noticias","embeddable":true,"href":"https:\/\/portal.fgeo.gob.mx\/index.php\/wp-json\/wp\/v2\/categoria_noticias?post=19320"}],"curies":[{"name":"wp","href":"https:\/\/api.w.org\/{rel}","templated":true}]}}