{"id":19318,"date":"2025-10-31T09:09:25","date_gmt":"2025-10-31T15:09:25","guid":{"rendered":"https:\/\/fge.oaxaca.gob.mx\/?post_type=noticias&amp;p=10606"},"modified":"2025-10-31T09:09:25","modified_gmt":"2025-10-31T15:09:25","slug":"boletin-1883-fiscalia-de-oaxaca-obtiene-vinculacion-a-proceso-contra-una-mujer-y-sus-hijos-por-ejercer-violencia-contra-adulta-mayor-hechos-ocurridos-en-el-valle-de-etla","status":"publish","type":"noticias","link":"https:\/\/portal.fgeo.gob.mx\/index.php\/archivos\/noticias\/boletin-1883-fiscalia-de-oaxaca-obtiene-vinculacion-a-proceso-contra-una-mujer-y-sus-hijos-por-ejercer-violencia-contra-adulta-mayor-hechos-ocurridos-en-el-valle-de-etla","title":{"rendered":"BOLET\u00cdN 1883.-  Fiscal\u00eda de Oaxaca obtiene vinculaci\u00f3n a proceso contra una mujer y sus hijos por ejercer violencia contra adulta mayor, hechos ocurridos en el Valle de Etla"},"content":{"rendered":"<ul>\n<li style=\"font-weight: 400\"><em>La v\u00edctima se\u00f1al\u00f3 a su hija y nietos, dijo que incluso le quitaban el dinero que recib\u00eda de un programa de apoyo para adultos mayores<\/em><\/li>\n<\/ul>\n<p style=\"font-weight: 400\">\n<p style=\"font-weight: 400\"><strong>Oaxaca de Ju\u00e1rez a 31 de octubre de 2025.-<\/strong>\u00a0Derivado de los trabajos de investigaci\u00f3n ministerial para el combate a delitos contra la mujer, la Fiscal\u00eda General del Estado de Oaxaca (FGEO) obtuvo auto de vinculaci\u00f3n a proceso en contra de tres personas (dos mujeres y un hombre) identificados como: B.E.C.T., B.G.C., y E.J.G.C., imputados por el delito de violencia familiar en agravio de una adulta mayor, hechos ocurridos en el valle de Etla.<\/p>\n<p style=\"font-weight: 400\">\n<p style=\"font-weight: 400\">De acuerdo con la carpeta de investigaci\u00f3n, la v\u00edctima -de 87 a\u00f1os de edad- es abuela y madre de los agresores, quien sufr\u00eda maltratos f\u00edsicos y psicol\u00f3gicos por parte de los imputados.<\/p>\n<p style=\"font-weight: 400\">\n<p style=\"font-weight: 400\">La investigaci\u00f3n detalla que, las agresiones iniciaron a principios de agosto de 2024, fecha en que la v\u00edctima, despu\u00e9s que su esposo falleciera se mud\u00f3 a un domicilio ubicado en calle Hidalgo en Nazareno Etla, propiedad de su hija.<\/p>\n<p style=\"font-weight: 400\">\n<p style=\"font-weight: 400\">Durante ese periodo, la v\u00edctima empez\u00f3 a sufrir maltratos e incluso despojo de su dinero que recib\u00eda del programa de adultos mayores.<\/p>\n<p style=\"font-weight: 400\">\n<p style=\"font-weight: 400\">Cuando la Fiscal\u00eda de Oaxaca tom\u00f3 conocimiento del caso derivado de la denuncia interpuesta, inici\u00f3 las investigaciones con perspectiva de g\u00e9nero a trav\u00e9s de la Vicefiscal\u00eda de Control Regional, logrando recabar pruebas para que un juzgado especializado dictar\u00e1 \u00f3rdenes de protecci\u00f3n y con ello, el regreso a su domicilio ubicado en la calle Chapultepec, del municipio de Soledad Etla.<\/p>\n<p style=\"font-weight: 400\">\n<p style=\"font-weight: 400\">Posteriormente, derivado del an\u00e1lisis de prueba, mediante cita judicial, se logr\u00f3 ejercer acci\u00f3n penal en contra de los imputados.<\/p>\n<p style=\"font-weight: 400\">\n<p style=\"font-weight: 400\">Una vez que las pruebas fueron valoradas, la FGEO logr\u00f3 obtener de la autoridad judicial, imputaci\u00f3n y posteriormente, la vinculaci\u00f3n a proceso en contra de B.E.C.T., B.G.C., y E.J.G.C., por el delito de violencia familiar, adem\u00e1s de imponerles sus respectivas medidas cautelares y sus plazos de tiempo para las investigaciones complementarias.<\/p>\n<p style=\"font-weight: 400\">\n<p style=\"font-weight: 400\">La Fiscal\u00eda de Oaxaca reitera su compromiso de brindar atenci\u00f3n integral y eficiente en casos de delitos cometidos en contra mujeres, para lo cual aplica protocolos con perspectiva de g\u00e9nero que permitan brindar un proceso de procuraci\u00f3n de justicia especializado y cercano a las v\u00edctimas.<\/p>\n<p style=\"font-weight: 400\">\u00a0<img fetchpriority=\"high\" decoding=\"async\" class=\"alignnone size-medium wp-image-10607\" src=\"https:\/\/fge.oaxaca.gob.mx\/wp-content\/uploads\/2025\/10\/BOLET\u00cdN-1883.-Fiscal\u00eda-de-Oaxaca-obtiene-vinculaci\u00f3n-a-proceso-contra-una-mujer-y-sus-hijos-por-ejercer-violencia-contra-adulta-mayor-hechos-ocurridos-en-el-Valle-de-Etla1-225x300.jpeg\" alt=\"\" width=\"225\" height=\"300\" \/> <img decoding=\"async\" class=\"alignnone size-medium wp-image-10608\" src=\"https:\/\/fge.oaxaca.gob.mx\/wp-content\/uploads\/2025\/10\/BOLET\u00cdN-1883.-Fiscal\u00eda-de-Oaxaca-obtiene-vinculaci\u00f3n-a-proceso-contra-una-mujer-y-sus-hijos-por-ejercer-violencia-contra-adulta-mayor-hechos-ocurridos-en-el-Valle-de-Etla-2-225x300.jpeg\" alt=\"\" width=\"225\" height=\"300\" \/><\/p>\n","protected":false},"author":5,"featured_media":10599,"comment_status":"closed","ping_status":"closed","template":"","tags":[],"categoria_noticias":[],"class_list":["post-19318","noticias","type-noticias","status-publish","has-post-thumbnail","hentry"],"acf":[],"mb":[],"mfb_rest_fields":["title","gutenberg_elementor_mode"],"_links":{"self":[{"href":"https:\/\/portal.fgeo.gob.mx\/index.php\/wp-json\/wp\/v2\/noticias\/19318","targetHints":{"allow":["GET"]}}],"collection":[{"href":"https:\/\/portal.fgeo.gob.mx\/index.php\/wp-json\/wp\/v2\/noticias"}],"about":[{"href":"https:\/\/portal.fgeo.gob.mx\/index.php\/wp-json\/wp\/v2\/types\/noticias"}],"author":[{"embeddable":true,"href":"https:\/\/portal.fgeo.gob.mx\/index.php\/wp-json\/wp\/v2\/users\/5"}],"replies":[{"embeddable":true,"href":"https:\/\/portal.fgeo.gob.mx\/index.php\/wp-json\/wp\/v2\/comments?post=19318"}],"wp:featuredmedia":[{"embeddable":true,"href":"https:\/\/portal.fgeo.gob.mx\/index.php\/wp-json\/"}],"wp:attachment":[{"href":"https:\/\/portal.fgeo.gob.mx\/index.php\/wp-json\/wp\/v2\/media?parent=19318"}],"wp:term":[{"taxonomy":"post_tag","embeddable":true,"href":"https:\/\/portal.fgeo.gob.mx\/index.php\/wp-json\/wp\/v2\/tags?post=19318"},{"taxonomy":"categoria_noticias","embeddable":true,"href":"https:\/\/portal.fgeo.gob.mx\/index.php\/wp-json\/wp\/v2\/categoria_noticias?post=19318"}],"curies":[{"name":"wp","href":"https:\/\/api.w.org\/{rel}","templated":true}]}}