{"id":19315,"date":"2025-10-30T12:00:12","date_gmt":"2025-10-30T18:00:12","guid":{"rendered":"https:\/\/fge.oaxaca.gob.mx\/?post_type=noticias&amp;p=10600"},"modified":"2025-10-30T12:00:12","modified_gmt":"2025-10-30T18:00:12","slug":"boletin-1820-fiscalia-de-oaxaca-localiza-en-chihuahua-y-detienen-a-imputado-por-homicidio-cometido-en-san-esteban-atatlahuca","status":"publish","type":"noticias","link":"https:\/\/portal.fgeo.gob.mx\/index.php\/archivos\/noticias\/boletin-1820-fiscalia-de-oaxaca-localiza-en-chihuahua-y-detienen-a-imputado-por-homicidio-cometido-en-san-esteban-atatlahuca","title":{"rendered":"BOLET\u00cdN 1,880.- Fiscal\u00eda de Oaxaca localiza en Chihuahua y detienen a imputado por homicidio cometido en San Esteban Atatlahuca"},"content":{"rendered":"<p>&nbsp;<\/p>\n<p><strong>Oaxaca de Ju\u00e1rez, Oax. 30 de octubre de 2025.- <\/strong>La Fiscal\u00eda General del Estado de Oaxaca (FGEO), realiz\u00f3 las investigaciones que condujeron a la ubicaci\u00f3n en el norte del pa\u00eds de una persona pr\u00f3fuga a quien se logr\u00f3 ejecutar una orden de aprehensi\u00f3n que permiti\u00f3 la detenci\u00f3n de S.O.S., por el delito de homicidio cometido en la regi\u00f3n de la Mixteca, capturado en coordinaci\u00f3n interinstitucional con la Fiscal\u00eda General del Estado de Chihuahua.<\/p>\n<p>&nbsp;<\/p>\n<p>De acuerdo con el expediente penal, los hechos ocurrieron el 18 de noviembre de 2017, cuando la v\u00edctima se encontraba al interior del auditorio municipal de San Esteban Atatlahuca, perteneciente al distrito de Tlaxiaco.<\/p>\n<p>&nbsp;<\/p>\n<p>Las investigaciones establecen que al lugar arribaron dos personas, quienes sacaron a la v\u00edctima del sitio y posteriormente la agredieron f\u00edsicamente, caus\u00e1ndole graves lesiones a consecuencia de las cuales perdi\u00f3 la vida.<\/p>\n<p>&nbsp;<\/p>\n<p>Luego de que la FGEO tom\u00f3 conocimiento del caso, a trav\u00e9s de la Vicefiscal\u00eda Regional de la Mixteca, se iniciaron las investigaciones correspondientes, que derivaron en la obtenci\u00f3n de una orden de aprehensi\u00f3n en contra de S.O.S.<\/p>\n<p>&nbsp;<\/p>\n<p>Durante las labores de b\u00fasqueda, se pudo establecer que S.O.S., se refugiaba en el estado de Chihuahua, por lo que se solicit\u00f3 la colaboraci\u00f3n de la Fiscal\u00eda de esa entidad para ejecutar la orden de aprehensi\u00f3n en su contra.<\/p>\n<p>&nbsp;<\/p>\n<p>Tras su detenci\u00f3n, se realizaron los tr\u00e1mites legales necesarios para su traslado a Oaxaca, donde fue puesto a disposici\u00f3n de la autoridad ministerial correspondiente, a fin de determinar su situaci\u00f3n jur\u00eddica.<\/p>\n<p>&nbsp;<\/p>\n<p>La Fiscal\u00eda de Oaxaca reafirma que la coordinaci\u00f3n con otras Fiscal\u00edas del pa\u00eds fortalece las acciones de procuraci\u00f3n de justicia, garantizando a las v\u00edctimas el acceso pleno a la verdad, la justicia y la reparaci\u00f3n del da\u00f1o.<\/p>\n<figure id=\"attachment_10601\" aria-describedby=\"caption-attachment-10601\" style=\"width: 300px\" class=\"wp-caption alignnone\"><img decoding=\"async\" class=\"size-medium wp-image-10601\" src=\"https:\/\/fge.oaxaca.gob.mx\/wp-content\/uploads\/2025\/10\/S.O.S.-por-el-delito-de-homicidio-cometido-en-la-regi\u00f3n-de-la-Mixteca.-300x114.jpg\" alt=\"\" width=\"300\" height=\"114\" \/><figcaption id=\"caption-attachment-10601\" class=\"wp-caption-text\">Dise\u00f1o sin t\u00edtulo &#8211; 1<\/figcaption><\/figure>\n","protected":false},"author":5,"featured_media":10599,"comment_status":"closed","ping_status":"closed","template":"","tags":[],"categoria_noticias":[],"class_list":["post-19315","noticias","type-noticias","status-publish","has-post-thumbnail","hentry"],"acf":[],"mb":[],"mfb_rest_fields":["title","gutenberg_elementor_mode"],"_links":{"self":[{"href":"https:\/\/portal.fgeo.gob.mx\/index.php\/wp-json\/wp\/v2\/noticias\/19315","targetHints":{"allow":["GET"]}}],"collection":[{"href":"https:\/\/portal.fgeo.gob.mx\/index.php\/wp-json\/wp\/v2\/noticias"}],"about":[{"href":"https:\/\/portal.fgeo.gob.mx\/index.php\/wp-json\/wp\/v2\/types\/noticias"}],"author":[{"embeddable":true,"href":"https:\/\/portal.fgeo.gob.mx\/index.php\/wp-json\/wp\/v2\/users\/5"}],"replies":[{"embeddable":true,"href":"https:\/\/portal.fgeo.gob.mx\/index.php\/wp-json\/wp\/v2\/comments?post=19315"}],"wp:featuredmedia":[{"embeddable":true,"href":"https:\/\/portal.fgeo.gob.mx\/index.php\/wp-json\/"}],"wp:attachment":[{"href":"https:\/\/portal.fgeo.gob.mx\/index.php\/wp-json\/wp\/v2\/media?parent=19315"}],"wp:term":[{"taxonomy":"post_tag","embeddable":true,"href":"https:\/\/portal.fgeo.gob.mx\/index.php\/wp-json\/wp\/v2\/tags?post=19315"},{"taxonomy":"categoria_noticias","embeddable":true,"href":"https:\/\/portal.fgeo.gob.mx\/index.php\/wp-json\/wp\/v2\/categoria_noticias?post=19315"}],"curies":[{"name":"wp","href":"https:\/\/api.w.org\/{rel}","templated":true}]}}