{"id":19308,"date":"2025-10-28T10:14:49","date_gmt":"2025-10-28T16:14:49","guid":{"rendered":"https:\/\/fge.oaxaca.gob.mx\/?post_type=noticias&amp;p=10560"},"modified":"2025-10-28T10:14:49","modified_gmt":"2025-10-28T16:14:49","slug":"boletin-1870-fiscalia-de-oaxaca-obtiene-vinculacion-a-proceso-contra-e-b-m-por-narcomenudeo-en-santa-cruz-xoxocotlan-estaria-vinculado-con-red-delictiva-de-robo-de-vehiculos-en-la-zona-metropolit","status":"publish","type":"noticias","link":"https:\/\/portal.fgeo.gob.mx\/index.php\/archivos\/noticias\/boletin-1870-fiscalia-de-oaxaca-obtiene-vinculacion-a-proceso-contra-e-b-m-por-narcomenudeo-en-santa-cruz-xoxocotlan-estaria-vinculado-con-red-delictiva-de-robo-de-vehiculos-en-la-zona-metropolit","title":{"rendered":"BOLET\u00cdN 1,870.- Fiscal\u00eda de Oaxaca obtiene vinculaci\u00f3n a proceso contra E.B.M. por narcomenudeo en Santa Cruz Xoxocotl\u00e1n; estar\u00eda vinculado con red delictiva de robo de veh\u00edculos en la Zona Metropolitana"},"content":{"rendered":"<p>&nbsp;<\/p>\n<p><strong>Oaxaca de Ju\u00e1rez, Oax. 28 de octubre de 2025.-<\/strong> Como parte de las acciones de investigaci\u00f3n ministerial para combatir los delitos de alto impacto, la Fiscal\u00eda General del Estado de Oaxaca (FGEO) obtuvo auto de vinculaci\u00f3n a proceso contra una persona del sexo masculino identificada como E.B.M., por el delito contra la salud en su modalidad de narcomenudeo, en la hip\u00f3tesis de comercio de metanfetaminas y clorhidrato de coca\u00edna, en agravio de la sociedad.<\/p>\n<p>Durante las investigaciones, se estableci\u00f3 que E.B.M. estar\u00eda relacionado con una red delictiva dedicada al robo de veh\u00edculos y la venta de drogas en la zona de Santa Cruz Xoxocotl\u00e1n, por lo que se ampliaron las indagatorias correspondientes.<\/p>\n<p>De acuerdo con la investigaci\u00f3n ministerial, la detenci\u00f3n de E.B.M., se llev\u00f3 a cabo cuando elementos de la Agencia Estatal de Investigaciones (AEI) realizaban recorridos de seguridad y vigilancia en calles de Santa Cruz Xoxocotl\u00e1n.<\/p>\n<p>Durante el operativo, los agentes observaron a un individuo que intercambiaba un objeto con otra persona que viajaba en una motocicleta sin placas de circulaci\u00f3n.<\/p>\n<p>La investigaci\u00f3n revela que, al percatarse de la presencia policial, el motociclista arroj\u00f3 bolsas con dosis de droga, por lo que se procedi\u00f3, conforme a derecho, a realizar una inspecci\u00f3n de rutina. En la revisi\u00f3n hallaron dosis de metanfetamina y clorhidrato de coca\u00edna, as\u00ed como dinero en efectivo, por lo que fue detenido y puesto a disposici\u00f3n de la autoridad correspondiente.<\/p>\n<p>Por lo anterior, el caso qued\u00f3 a cargo de la Vicefiscal\u00eda Regional de Valles Centrales, que present\u00f3 los datos de prueba ante el juez de la causa, quien despu\u00e9s de evaluarlas, determin\u00f3 vincular a proceso a E.B.M. por el delito contra la salud en su modalidad de narcomenudeo en la hip\u00f3tesis de comercio de metanfetaminas y clorhidrato de coca\u00edna, imponi\u00e9ndole la medida cautelar de prisi\u00f3n preventiva justificada y otorgando el plazo de un mes para el cierre de la investigaci\u00f3n complementaria.<\/p>\n<p>La Fiscal\u00eda General del Estado de Oaxaca mantiene firme su compromiso con el combate a los delitos contra la salud, contribuyendo a la seguridad p\u00fablica y al fortalecimiento del estado de derecho en la entidad.<\/p>\n<p><img fetchpriority=\"high\" decoding=\"async\" class=\"alignnone size-medium wp-image-10561\" src=\"https:\/\/fge.oaxaca.gob.mx\/wp-content\/uploads\/2025\/10\/Dise\u00f1o-sin-t\u00edtulo-27-300x196.jpg\" alt=\"\" width=\"300\" height=\"196\" \/><\/p>\n","protected":false},"author":5,"featured_media":10552,"comment_status":"closed","ping_status":"closed","template":"","tags":[],"categoria_noticias":[],"class_list":["post-19308","noticias","type-noticias","status-publish","has-post-thumbnail","hentry"],"acf":[],"mb":[],"mfb_rest_fields":["title","gutenberg_elementor_mode"],"_links":{"self":[{"href":"https:\/\/portal.fgeo.gob.mx\/index.php\/wp-json\/wp\/v2\/noticias\/19308","targetHints":{"allow":["GET"]}}],"collection":[{"href":"https:\/\/portal.fgeo.gob.mx\/index.php\/wp-json\/wp\/v2\/noticias"}],"about":[{"href":"https:\/\/portal.fgeo.gob.mx\/index.php\/wp-json\/wp\/v2\/types\/noticias"}],"author":[{"embeddable":true,"href":"https:\/\/portal.fgeo.gob.mx\/index.php\/wp-json\/wp\/v2\/users\/5"}],"replies":[{"embeddable":true,"href":"https:\/\/portal.fgeo.gob.mx\/index.php\/wp-json\/wp\/v2\/comments?post=19308"}],"wp:featuredmedia":[{"embeddable":true,"href":"https:\/\/portal.fgeo.gob.mx\/index.php\/wp-json\/"}],"wp:attachment":[{"href":"https:\/\/portal.fgeo.gob.mx\/index.php\/wp-json\/wp\/v2\/media?parent=19308"}],"wp:term":[{"taxonomy":"post_tag","embeddable":true,"href":"https:\/\/portal.fgeo.gob.mx\/index.php\/wp-json\/wp\/v2\/tags?post=19308"},{"taxonomy":"categoria_noticias","embeddable":true,"href":"https:\/\/portal.fgeo.gob.mx\/index.php\/wp-json\/wp\/v2\/categoria_noticias?post=19308"}],"curies":[{"name":"wp","href":"https:\/\/api.w.org\/{rel}","templated":true}]}}