{"id":19307,"date":"2025-10-27T18:50:54","date_gmt":"2025-10-28T00:50:54","guid":{"rendered":"https:\/\/fge.oaxaca.gob.mx\/?post_type=noticias&amp;p=10558"},"modified":"2025-10-27T18:50:54","modified_gmt":"2025-10-28T00:50:54","slug":"boletin-1869-fiscalia-de-oaxaca-ejecuta-orden-de-aprehension-contra-una-hombre-por-ingresar-ilegalmente-a-un-domicilio-y-atacar-con-machete-a-una-mujer-hechos-ocurridos-en-san-pedro-pochutla","status":"publish","type":"noticias","link":"https:\/\/portal.fgeo.gob.mx\/index.php\/archivos\/noticias\/boletin-1869-fiscalia-de-oaxaca-ejecuta-orden-de-aprehension-contra-una-hombre-por-ingresar-ilegalmente-a-un-domicilio-y-atacar-con-machete-a-una-mujer-hechos-ocurridos-en-san-pedro-pochutla","title":{"rendered":"BOLET\u00cdN 1869.- Fiscal\u00eda de Oaxaca ejecuta orden de aprehensi\u00f3n contra una hombre por ingresar ilegalmente a un domicilio y atacar con machete a una mujer, hechos ocurridos en San Pedro Pochutla"},"content":{"rendered":"<p><strong>Oaxaca de Ju\u00e1rez a 27 de octubre de 2025.-<\/strong> La investigaci\u00f3n ministerial especializada que realizada la Fiscal\u00eda General del Estado de Oaxaca (FGEO) permiti\u00f3 ejecutar una orden de aprehensi\u00f3n en contra de una persona del sexo masculino identificada como N.L.S., por el delito de lesiones calificadas, cometidos en agravio de una mujer (su t\u00eda) ocurrida en la regi\u00f3n de la Costa.<\/p>\n<p>De acuerdo con el expediente penal del caso, los hechos ocurrieron el 24 de junio de 2025 cuando la v\u00edctima se encontraba en un domicilio de la poblaci\u00f3n de la Lagunilla perteneciente a San Pedro Pochutla donde fue atacada con un arma corto-contundente (machete).<\/p>\n<p>La investigaci\u00f3n detalla, que el agresor hab\u00eda ingresado de manera ilegal al domicilio de la v\u00edctima y, al ser descubierto la atac\u00f3 con el machete caus\u00e1ndole una fuerte herida para posteriormente huir del lugar.<\/p>\n<p>Derivado de la denuncia, la FGEO inici\u00f3 las investigaciones correspondientes a trav\u00e9s de la Vicefiscal\u00eda Regional de la Costa que permitieron obtener una orden de aprehensi\u00f3n contra N.L.S.,\u00a0 por el delito de lesiones calificadas.<\/p>\n<p>Una vez localizado, N.L.S., fue detenido por elementos de la Agencia Estatal de Investigaciones (AEI) para posteriormente ser puesto a disposici\u00f3n de la autoridad correspondiente para determinar su situaci\u00f3n jur\u00eddica.<\/p>\n<p>La Fiscal\u00eda de Oaxaca tiene el compromiso de realizar trabajos ministeriales minuciosos y con estricto apego a la ley para que las v\u00edctimas directas e indirectas tengan pleno acceso a la justicia.<\/p>\n<p><img fetchpriority=\"high\" decoding=\"async\" class=\"alignnone size-medium wp-image-10559\" src=\"https:\/\/fge.oaxaca.gob.mx\/wp-content\/uploads\/2025\/10\/BOLET\u00cdN-1869.-Fiscal\u00eda-de-Oaxaca-ejecuta-orden-de-aprehensi\u00f3n-contra-una-hombre-por-ingresar-ilegalmente-a-un-domicilio-y-atacar-con-machete-a-una-mujer-hechos-ocurridos-en-San-Pedro-Pochutla2-225x300.jpeg\" alt=\"\" width=\"225\" height=\"300\" \/><\/p>\n","protected":false},"author":5,"featured_media":10552,"comment_status":"closed","ping_status":"closed","template":"","tags":[],"categoria_noticias":[],"class_list":["post-19307","noticias","type-noticias","status-publish","has-post-thumbnail","hentry"],"acf":[],"mb":[],"mfb_rest_fields":["title","gutenberg_elementor_mode"],"_links":{"self":[{"href":"https:\/\/portal.fgeo.gob.mx\/index.php\/wp-json\/wp\/v2\/noticias\/19307","targetHints":{"allow":["GET"]}}],"collection":[{"href":"https:\/\/portal.fgeo.gob.mx\/index.php\/wp-json\/wp\/v2\/noticias"}],"about":[{"href":"https:\/\/portal.fgeo.gob.mx\/index.php\/wp-json\/wp\/v2\/types\/noticias"}],"author":[{"embeddable":true,"href":"https:\/\/portal.fgeo.gob.mx\/index.php\/wp-json\/wp\/v2\/users\/5"}],"replies":[{"embeddable":true,"href":"https:\/\/portal.fgeo.gob.mx\/index.php\/wp-json\/wp\/v2\/comments?post=19307"}],"wp:featuredmedia":[{"embeddable":true,"href":"https:\/\/portal.fgeo.gob.mx\/index.php\/wp-json\/"}],"wp:attachment":[{"href":"https:\/\/portal.fgeo.gob.mx\/index.php\/wp-json\/wp\/v2\/media?parent=19307"}],"wp:term":[{"taxonomy":"post_tag","embeddable":true,"href":"https:\/\/portal.fgeo.gob.mx\/index.php\/wp-json\/wp\/v2\/tags?post=19307"},{"taxonomy":"categoria_noticias","embeddable":true,"href":"https:\/\/portal.fgeo.gob.mx\/index.php\/wp-json\/wp\/v2\/categoria_noticias?post=19307"}],"curies":[{"name":"wp","href":"https:\/\/api.w.org\/{rel}","templated":true}]}}