{"id":19306,"date":"2025-10-27T16:42:53","date_gmt":"2025-10-27T22:42:53","guid":{"rendered":"https:\/\/fge.oaxaca.gob.mx\/?post_type=noticias&amp;p=10553"},"modified":"2025-10-27T16:42:53","modified_gmt":"2025-10-27T22:42:53","slug":"boletin-1868-por-estrategia-de-combate-al-narcomenudeo-fiscalia-de-oaxaca-obtiene-vinculacion-a-proceso-contra-dos-personas-y-aprehenden-a-dos-mas","status":"publish","type":"noticias","link":"https:\/\/portal.fgeo.gob.mx\/index.php\/archivos\/noticias\/boletin-1868-por-estrategia-de-combate-al-narcomenudeo-fiscalia-de-oaxaca-obtiene-vinculacion-a-proceso-contra-dos-personas-y-aprehenden-a-dos-mas","title":{"rendered":"BOLET\u00cdN 1,868. Por estrategia de combate al narcomenudeo, Fiscal\u00eda de Oaxaca obtiene vinculaci\u00f3n a proceso contra dos personas y aprehenden a dos m\u00e1s"},"content":{"rendered":"<p><strong>Oaxaca de Ju\u00e1rez, Oax. 27 de octubre de 2025.-<\/strong> Como resultado del trabajo de investigaci\u00f3n ministerial en delitos de alto impacto, la Fiscal\u00eda General del Estado de Oaxaca (FGEO) obtuvo auto de vinculaci\u00f3n a proceso y prisi\u00f3n preventiva contra dos personas del sexo masculino y logr\u00f3 la imputaci\u00f3n de dos m\u00e1s por delitos contra la salud, hechos cometidos en la regi\u00f3n la Costa y Valles Centrales.<\/p>\n<p>&nbsp;<\/p>\n<p>De acuerdo con el expediente penal, en uno de los casos, las dos personas vinculadas a proceso por delitos contra la salud identificadas como J.H.A., y E.S.C., fueron detenidos en Santiago Jamiltepec, durante un filtro de revisi\u00f3n y seguridad efectuado por elementos de la Polic\u00eda Estatal.<\/p>\n<p>&nbsp;<\/p>\n<p>El informe policial detalla que ambos imputados mostraron una actitud sospechosa ante la presencia policial, por lo que fueron inspeccionados hallando diversas bolsas de marihuana, procediendo a su detenci\u00f3n para posteriormente ser presentadas ante la Vicefiscal\u00eda Regional de la Costa y con ello.<\/p>\n<p>&nbsp;<\/p>\n<p>En audiencia y tras el desahogo de pruebas aportadas por la FGEO, el Juez de Control dict\u00f3 auto de vinculaci\u00f3n a proceso contra ambas personas por el delito contra la salud e impuso la respectiva medida cautelar concediendo un plazo de un mes para el cierre de la investigaci\u00f3n complementaria.<\/p>\n<p>&nbsp;<\/p>\n<ul>\n<li><strong>Detenidos en Animas Trujano e imputados por narcomenudeo<\/strong><\/li>\n<\/ul>\n<p><strong>\u00a0<\/strong><\/p>\n<p>Los otros dos imputados, fueron identificados como R.G.D., y a C.I.C.B., detenidos cu\u00e1ndo Agentes Estatales de Investigaci\u00f3n que realizaban recorridos de seguridad y vigilancia en calles de la colonia Mi Ranchito de \u00c1nimas Trujano se percataron que dos hombres realizaban intercambio de objetos con otra persona, por lo que fueron interceptados cuando intentaban huir.<\/p>\n<p>&nbsp;<\/p>\n<p>Tras ser inspeccionados, los agentes ministeriales hallaron entre sus pertenencias de las dos personas diversas bolsas que conten\u00edan metanfetamina, por lo que fueron detenidos y conforme al proceso legal, trasladados ante las autoridades ministeriales de la Vicefiscal\u00eda Regional de Valles Centrales que lo llev\u00f3 ante el juez de la causa para resolver su situaci\u00f3n jur\u00eddica.<\/p>\n<p>&nbsp;<\/p>\n<p>Luego de presentar los datos de prueba aportados por la FGEO, el Juez calific\u00f3 como legal la detenci\u00f3n y comunic\u00f3 imputaci\u00f3n a R.G.D. y C.I.C.B., por delitos contra la salud en su modalidad de narcomenudeo en su hip\u00f3tesis de suministro de metanfetamina, derivado de lo cual dict\u00f3 la medida de prisi\u00f3n preventiva justificada en tanto se resuelve su situaci\u00f3n jur\u00eddica.<\/p>\n<p>&nbsp;<\/p>\n<p>La Fiscal\u00eda General de Oaxaca, refrenda su compromiso de seguir trabajando para combatir este tipo de delitos que da\u00f1an el tejido social y atentan contra el bienestar de la sociedad oaxaque\u00f1a.<\/p>\n<p>&nbsp;<\/p>\n<p>&nbsp;<\/p>\n<p><img fetchpriority=\"high\" decoding=\"async\" class=\"alignnone size-medium wp-image-10554\" src=\"https:\/\/fge.oaxaca.gob.mx\/wp-content\/uploads\/2025\/10\/IMAGEN-1.-BOLET\u00cdN-1868-169x300.png\" alt=\"\" width=\"169\" height=\"300\" \/> <img decoding=\"async\" class=\"alignnone size-medium wp-image-10555\" src=\"https:\/\/fge.oaxaca.gob.mx\/wp-content\/uploads\/2025\/10\/IMAGEN-2-.-BOLET\u00cdN-1868-169x300.png\" alt=\"\" width=\"169\" height=\"300\" \/> <img decoding=\"async\" class=\"alignnone size-medium wp-image-10556\" src=\"https:\/\/fge.oaxaca.gob.mx\/wp-content\/uploads\/2025\/10\/IMAGEN-3.-BOLET\u00cdN-1868-169x300.png\" alt=\"\" width=\"169\" height=\"300\" \/> <img loading=\"lazy\" decoding=\"async\" class=\"alignnone size-medium wp-image-10557\" src=\"https:\/\/fge.oaxaca.gob.mx\/wp-content\/uploads\/2025\/10\/IMAGEN-4.-BOLET\u00cdN-1868-169x300.png\" alt=\"\" width=\"169\" height=\"300\" \/><\/p>\n<p>&nbsp;<\/p>\n<p>&nbsp;<\/p>\n<p>&nbsp;<\/p>\n<p>&nbsp;<\/p>\n","protected":false},"author":5,"featured_media":10552,"comment_status":"closed","ping_status":"closed","template":"","tags":[],"categoria_noticias":[],"class_list":["post-19306","noticias","type-noticias","status-publish","has-post-thumbnail","hentry"],"acf":[],"mb":[],"mfb_rest_fields":["title","gutenberg_elementor_mode"],"_links":{"self":[{"href":"https:\/\/portal.fgeo.gob.mx\/index.php\/wp-json\/wp\/v2\/noticias\/19306","targetHints":{"allow":["GET"]}}],"collection":[{"href":"https:\/\/portal.fgeo.gob.mx\/index.php\/wp-json\/wp\/v2\/noticias"}],"about":[{"href":"https:\/\/portal.fgeo.gob.mx\/index.php\/wp-json\/wp\/v2\/types\/noticias"}],"author":[{"embeddable":true,"href":"https:\/\/portal.fgeo.gob.mx\/index.php\/wp-json\/wp\/v2\/users\/5"}],"replies":[{"embeddable":true,"href":"https:\/\/portal.fgeo.gob.mx\/index.php\/wp-json\/wp\/v2\/comments?post=19306"}],"wp:featuredmedia":[{"embeddable":true,"href":"https:\/\/portal.fgeo.gob.mx\/index.php\/wp-json\/"}],"wp:attachment":[{"href":"https:\/\/portal.fgeo.gob.mx\/index.php\/wp-json\/wp\/v2\/media?parent=19306"}],"wp:term":[{"taxonomy":"post_tag","embeddable":true,"href":"https:\/\/portal.fgeo.gob.mx\/index.php\/wp-json\/wp\/v2\/tags?post=19306"},{"taxonomy":"categoria_noticias","embeddable":true,"href":"https:\/\/portal.fgeo.gob.mx\/index.php\/wp-json\/wp\/v2\/categoria_noticias?post=19306"}],"curies":[{"name":"wp","href":"https:\/\/api.w.org\/{rel}","templated":true}]}}