{"id":19305,"date":"2025-10-27T09:30:01","date_gmt":"2025-10-27T15:30:01","guid":{"rendered":"https:\/\/fge.oaxaca.gob.mx\/?post_type=noticias&amp;p=10548"},"modified":"2025-10-27T09:30:01","modified_gmt":"2025-10-27T15:30:01","slug":"boletin-1866-obtiene-fgeo-prision-preventiva-y-solicita-vinculacion-a-proceso-contra-imputado-por-secuestro-cometido-en-el-valle-de-tlacolula","status":"publish","type":"noticias","link":"https:\/\/portal.fgeo.gob.mx\/index.php\/archivos\/noticias\/boletin-1866-obtiene-fgeo-prision-preventiva-y-solicita-vinculacion-a-proceso-contra-imputado-por-secuestro-cometido-en-el-valle-de-tlacolula","title":{"rendered":"BOLET\u00cdN 1,866.- Obtiene FGEO prisi\u00f3n preventiva y solicita vinculaci\u00f3n a proceso contra imputado por secuestro cometido en el valle de Tlacolula"},"content":{"rendered":"<p>&nbsp;<\/p>\n<p>* El secuestro se cometi\u00f3 de manera violenta y en presencia de su hijo con espectro autista, en la comunidad de Rojas de Cuauht\u00e9moc<\/p>\n<p><strong>Oaxaca de Ju\u00e1rez, Oax. 27 de octubre de 2025.-<\/strong> La Fiscal\u00eda General del Estado de Oaxaca (FGEO) aprehendi\u00f3 y solicit\u00f3 vinculaci\u00f3n a proceso en contra de una persona del sexo masculino identificado como E.S.G., por el delito de secuestro cometido en el valle de Tlacolula.<\/p>\n<p>De acuerdo con la causa penal, los hechos ocurrieron el 31 de marzo de 2021, cuando un grupo de personas armadas, entre los que se encontraba el imputado, priv\u00f3 de la libertad a la v\u00edctima, cuando se encontraba junto con su hijo quien padece autismo en grado tres, en inmediaciones de la Unidad Deportiva de la comunidad de Rojas de Cuauht\u00e9moc, ubicada en el valle de Tlacolula.<\/p>\n<p>La investigaci\u00f3n revela que la v\u00edctima fue trasladada a bordo de un veh\u00edculo de motor a un domicilio propiedad de un familiar ubicado dentro de la misma poblaci\u00f3n, donde lo obligaron a entrar para que consiguiera dinero en efectivo y, al no conseguirlo, nuevamente obligaron a comunicarse con otro familiar para exigir dinero en efectivo a cambio de su liberaci\u00f3n.<\/p>\n<p>Una vez que la FGEO tom\u00f3 conocimiento del caso derivado de la denuncia interpuesta, inici\u00f3 las investigaciones correspondientes a trav\u00e9s de la Vicefiscal\u00eda Regional de Valles Centrales, logrando obtener una orden de aprehensi\u00f3n en contra de E.S.G., por el delito de secuestro.<\/p>\n<p>Una vez detenido, E.S.G. fue presentado ante el Juez de control quien se bas\u00f3 en las pruebas obtenidas por la FGEO para calificar como legal la detenci\u00f3n y comunicar la imputaci\u00f3n, por lo que el Ministerio P\u00fablico hizo la solicitud de la vinculaci\u00f3n a proceso<\/p>\n<p>La Fiscal\u00eda General garantiza investigaciones exhaustivas para esclarecer delitos, aplicando las herramientas legales para castigar a quien o quienes resulten responsables.<\/p>\n<p><img fetchpriority=\"high\" decoding=\"async\" class=\"alignnone size-medium wp-image-10549\" src=\"https:\/\/fge.oaxaca.gob.mx\/wp-content\/uploads\/2025\/10\/WhatsApp-Image-2025-10-23-at-11.03.15-AM-300x300.jpeg\" alt=\"\" width=\"300\" height=\"300\" \/><\/p>\n","protected":false},"author":5,"featured_media":10488,"comment_status":"closed","ping_status":"closed","template":"","tags":[],"categoria_noticias":[],"class_list":["post-19305","noticias","type-noticias","status-publish","has-post-thumbnail","hentry"],"acf":[],"mb":[],"mfb_rest_fields":["title","gutenberg_elementor_mode"],"_links":{"self":[{"href":"https:\/\/portal.fgeo.gob.mx\/index.php\/wp-json\/wp\/v2\/noticias\/19305","targetHints":{"allow":["GET"]}}],"collection":[{"href":"https:\/\/portal.fgeo.gob.mx\/index.php\/wp-json\/wp\/v2\/noticias"}],"about":[{"href":"https:\/\/portal.fgeo.gob.mx\/index.php\/wp-json\/wp\/v2\/types\/noticias"}],"author":[{"embeddable":true,"href":"https:\/\/portal.fgeo.gob.mx\/index.php\/wp-json\/wp\/v2\/users\/5"}],"replies":[{"embeddable":true,"href":"https:\/\/portal.fgeo.gob.mx\/index.php\/wp-json\/wp\/v2\/comments?post=19305"}],"wp:featuredmedia":[{"embeddable":true,"href":"https:\/\/portal.fgeo.gob.mx\/index.php\/wp-json\/"}],"wp:attachment":[{"href":"https:\/\/portal.fgeo.gob.mx\/index.php\/wp-json\/wp\/v2\/media?parent=19305"}],"wp:term":[{"taxonomy":"post_tag","embeddable":true,"href":"https:\/\/portal.fgeo.gob.mx\/index.php\/wp-json\/wp\/v2\/tags?post=19305"},{"taxonomy":"categoria_noticias","embeddable":true,"href":"https:\/\/portal.fgeo.gob.mx\/index.php\/wp-json\/wp\/v2\/categoria_noticias?post=19305"}],"curies":[{"name":"wp","href":"https:\/\/api.w.org\/{rel}","templated":true}]}}