{"id":19304,"date":"2025-10-26T17:19:53","date_gmt":"2025-10-26T23:19:53","guid":{"rendered":"https:\/\/fge.oaxaca.gob.mx\/?post_type=noticias&amp;p=10546"},"modified":"2025-10-26T17:19:53","modified_gmt":"2025-10-26T23:19:53","slug":"boletin-1865-mando-metropolitano-detiene-y-presenta-ante-fiscalia-de-oaxaca-a-un-hombre-implicado-en-asalto-violento-en-una-tienda-oxxo-de-la-capital","status":"publish","type":"noticias","link":"https:\/\/portal.fgeo.gob.mx\/index.php\/archivos\/noticias\/boletin-1865-mando-metropolitano-detiene-y-presenta-ante-fiscalia-de-oaxaca-a-un-hombre-implicado-en-asalto-violento-en-una-tienda-oxxo-de-la-capital","title":{"rendered":"BOLET\u00cdN 1,865.-Mando Metropolitano detiene y presenta ante Fiscal\u00eda de Oaxaca a un hombre implicado en asalto violento en una tienda Oxxo de la capital"},"content":{"rendered":"<p>&nbsp;<\/p>\n<p><strong>Oaxaca de Ju\u00e1rez, Oax. 26 de octubre de 2025.-<\/strong> Derivado de los operativos estrat\u00e9gicos de vigilancia y disuasi\u00f3n implementados a trav\u00e9s del Mando de Coordinaci\u00f3n de Seguridad Metropolitana en la ciudad de Oaxaca de Ju\u00e1rez, se logr\u00f3 la detenci\u00f3n de una persona del sexo masculino identificado como B.M.C.R.,\u00a0por el delito de robo con violencia moral a las personas cometido en perjuicio de una tienda Oxxo ubicada jurisdicci\u00f3n de Oaxaca de Ju\u00e1rez.<\/p>\n<p>&nbsp;<\/p>\n<p>De acuerdo con el informe policial, los hechos ocurrieron el 18 de octubre de 2025 en el interior de una tienda de conveniencia denominada OXXO ubicada en Avenida Ferrocarril 101, colonia Santa Anita jurisdicci\u00f3n de Oaxaca de Ju\u00e1rez, lugar hasta donde ingres\u00f3 el responsable que amenaz\u00f3 con un arma de fuego a dos mujeres que se encontraban laborando en la sucursal.<\/p>\n<p>&nbsp;<\/p>\n<p>La investigaci\u00f3n detalla que, tras amagar a las v\u00edctimas, el agresor logr\u00f3 entrar al \u00e1rea de cajas para sustraer dinero en efectivo de una gaveta.<\/p>\n<p>&nbsp;<\/p>\n<p>Ante estos hechos y tras el llamado de auxilio, elementos de la Polic\u00eda Municipal de Oaxaca de Ju\u00e1rez lograron la detenci\u00f3n de B.M.C.R., y lo pusieron a disposici\u00f3n de la Vicefiscal\u00eda Regional de los Valles Centrales para su certificaci\u00f3n y posteriormente resolver su situaci\u00f3n jur\u00eddica.<\/p>\n<p>&nbsp;<\/p>\n<p>Inmediatamente, la Fiscal\u00eda de Oaxaca inici\u00f3 las investigaciones correspondientes sobre su probable participaci\u00f3n en robos a m\u00e1s tiendas de conveniencia en la zona.<\/p>\n<p>&nbsp;<\/p>\n<p>La Fiscal\u00eda de Oaxaca realiza trabajos para combatir la comisi\u00f3n de delitos que afectan el patrimonio de la poblaci\u00f3n en distintas regiones de la entidad, con el objetivo de garantizar un adecuado acceso a la procuraci\u00f3n de justicia.<\/p>\n<p><img fetchpriority=\"high\" decoding=\"async\" class=\"alignnone size-medium wp-image-10547\" src=\"https:\/\/fge.oaxaca.gob.mx\/wp-content\/uploads\/2025\/10\/WhatsApp-Image-2025-10-23-at-11.06.59-AM-300x271.jpeg\" alt=\"\" width=\"300\" height=\"271\" \/><\/p>\n","protected":false},"author":5,"featured_media":10488,"comment_status":"closed","ping_status":"closed","template":"","tags":[],"categoria_noticias":[],"class_list":["post-19304","noticias","type-noticias","status-publish","has-post-thumbnail","hentry"],"acf":[],"mb":[],"mfb_rest_fields":["title","gutenberg_elementor_mode"],"_links":{"self":[{"href":"https:\/\/portal.fgeo.gob.mx\/index.php\/wp-json\/wp\/v2\/noticias\/19304","targetHints":{"allow":["GET"]}}],"collection":[{"href":"https:\/\/portal.fgeo.gob.mx\/index.php\/wp-json\/wp\/v2\/noticias"}],"about":[{"href":"https:\/\/portal.fgeo.gob.mx\/index.php\/wp-json\/wp\/v2\/types\/noticias"}],"author":[{"embeddable":true,"href":"https:\/\/portal.fgeo.gob.mx\/index.php\/wp-json\/wp\/v2\/users\/5"}],"replies":[{"embeddable":true,"href":"https:\/\/portal.fgeo.gob.mx\/index.php\/wp-json\/wp\/v2\/comments?post=19304"}],"wp:featuredmedia":[{"embeddable":true,"href":"https:\/\/portal.fgeo.gob.mx\/index.php\/wp-json\/"}],"wp:attachment":[{"href":"https:\/\/portal.fgeo.gob.mx\/index.php\/wp-json\/wp\/v2\/media?parent=19304"}],"wp:term":[{"taxonomy":"post_tag","embeddable":true,"href":"https:\/\/portal.fgeo.gob.mx\/index.php\/wp-json\/wp\/v2\/tags?post=19304"},{"taxonomy":"categoria_noticias","embeddable":true,"href":"https:\/\/portal.fgeo.gob.mx\/index.php\/wp-json\/wp\/v2\/categoria_noticias?post=19304"}],"curies":[{"name":"wp","href":"https:\/\/api.w.org\/{rel}","templated":true}]}}