{"id":19302,"date":"2025-10-24T16:00:17","date_gmt":"2025-10-24T22:00:17","guid":{"rendered":"https:\/\/fge.oaxaca.gob.mx\/?post_type=noticias&amp;p=10535"},"modified":"2025-10-24T16:00:17","modified_gmt":"2025-10-24T22:00:17","slug":"boletin-1862-fiscalia-de-oaxaca-aprehende-a-j-j-o-alias-el-campanita-o-chupeta-por-homicidio-de-dos-personas-en-taqueria-del-istmo-de-tehuantepec","status":"publish","type":"noticias","link":"https:\/\/portal.fgeo.gob.mx\/index.php\/archivos\/noticias\/boletin-1862-fiscalia-de-oaxaca-aprehende-a-j-j-o-alias-el-campanita-o-chupeta-por-homicidio-de-dos-personas-en-taqueria-del-istmo-de-tehuantepec","title":{"rendered":"BOLET\u00cdN 1,862.- Fiscal\u00eda de Oaxaca aprehende a J.J.O., alias &#8220;El Campanita&#8221; o &#8220;Chupeta&#8221; por homicidio de dos personas en taquer\u00eda del Istmo de Tehuantepec"},"content":{"rendered":"<p>&nbsp;<\/p>\n<p>*El detenido es investigado por nexos con c\u00e9lula delictiva del &#8220;Comandante Cromo&#8221;, derivado de mensajes adjudicados a este grupo criminal<\/p>\n<p>&nbsp;<\/p>\n<p><strong>Oaxaca de Ju\u00e1rez, Oaxaca., 24 de octubre de 2025.-<\/strong> La Fiscal\u00eda General del Estado de Oaxaca (FGEO)\u00a0 dio cumplimiento a una orden de aprehensi\u00f3n en contra de un hombre identificado como J.J.O., alias &#8220;El Campanita&#8221; o &#8220;Chupeta&#8221; por el delito de homicidio calificado con ventaja en agravio de dos personas, el detenido es identificado como uno de los objetivos prioritarios de la regi\u00f3n por su probable involucramiento en la c\u00e9lula delictiva del &#8220;Comandante Cromo&#8221; que opera en una zona del Istmo de Tehuantepec.<\/p>\n<p>&nbsp;<\/p>\n<p>El mandato judicial fue ejecutado por elementos de la Agencia Estatal de Investigaciones (AEI) de la Vicefiscal\u00eda Regional del Istmo, derivado de hechos ocurridos el 27 de agosto de 2024, cuando dos personas identificadas como E.A.E. y J.L.A.E., fueron privadas de la vida por un grupo de hombres armados cuando se encontraba en una taquer\u00eda denominada &#8220;Los Jarochos&#8221;, ubicada en prolongaci\u00f3n 16 de Septiembre de la colonia Felipe Pescador de Juchit\u00e1n de Zaragoza.<\/p>\n<p>&nbsp;<\/p>\n<p>Por estos hechos y tras tomar conocimiento del caso, la FGEO -a trav\u00e9s de la Vicefiscal\u00eda Regional del Istmo- inici\u00f3 una investigaci\u00f3n exhaustiva, recabando diferentes indicios como cartulinas con textos amenazantes adjudicados y firmados por una c\u00e9lula delictiva.<\/p>\n<p>&nbsp;<\/p>\n<p>Derivado de ello, se obtuvo una orden de aprehensi\u00f3n emitida por un Juez que se ejecut\u00f3 en contra de J.J.O., por el delito de homicidio calificado con ventaja; una vez detenido, fue puesto a disposici\u00f3n de la autoridad que lo requiri\u00f3 para determinar su situaci\u00f3n jur\u00eddica legal.<\/p>\n<p>&nbsp;<\/p>\n<p>La Fiscal\u00eda General garantiza investigaciones exhaustivas para esclarecer delitos, aplicando todo el rigor de la Ley a quien o quienes resulten responsables.<\/p>\n<p><img fetchpriority=\"high\" decoding=\"async\" class=\"alignnone size-medium wp-image-10536\" src=\"https:\/\/fge.oaxaca.gob.mx\/wp-content\/uploads\/2025\/10\/WhatsApp-Image-2025-10-24-at-3.33.29-PM-1-182x300.jpeg\" alt=\"\" width=\"182\" height=\"300\" \/> <img decoding=\"async\" class=\"alignnone size-medium wp-image-10537\" src=\"https:\/\/fge.oaxaca.gob.mx\/wp-content\/uploads\/2025\/10\/WhatsApp-Image-2025-10-24-at-3.33.29-PM-300x225.jpeg\" alt=\"\" width=\"300\" height=\"225\" \/><\/p>\n","protected":false},"author":5,"featured_media":10488,"comment_status":"closed","ping_status":"closed","template":"","tags":[],"categoria_noticias":[],"class_list":["post-19302","noticias","type-noticias","status-publish","has-post-thumbnail","hentry"],"acf":[],"mb":[],"mfb_rest_fields":["title","gutenberg_elementor_mode"],"_links":{"self":[{"href":"https:\/\/portal.fgeo.gob.mx\/index.php\/wp-json\/wp\/v2\/noticias\/19302","targetHints":{"allow":["GET"]}}],"collection":[{"href":"https:\/\/portal.fgeo.gob.mx\/index.php\/wp-json\/wp\/v2\/noticias"}],"about":[{"href":"https:\/\/portal.fgeo.gob.mx\/index.php\/wp-json\/wp\/v2\/types\/noticias"}],"author":[{"embeddable":true,"href":"https:\/\/portal.fgeo.gob.mx\/index.php\/wp-json\/wp\/v2\/users\/5"}],"replies":[{"embeddable":true,"href":"https:\/\/portal.fgeo.gob.mx\/index.php\/wp-json\/wp\/v2\/comments?post=19302"}],"wp:featuredmedia":[{"embeddable":true,"href":"https:\/\/portal.fgeo.gob.mx\/index.php\/wp-json\/"}],"wp:attachment":[{"href":"https:\/\/portal.fgeo.gob.mx\/index.php\/wp-json\/wp\/v2\/media?parent=19302"}],"wp:term":[{"taxonomy":"post_tag","embeddable":true,"href":"https:\/\/portal.fgeo.gob.mx\/index.php\/wp-json\/wp\/v2\/tags?post=19302"},{"taxonomy":"categoria_noticias","embeddable":true,"href":"https:\/\/portal.fgeo.gob.mx\/index.php\/wp-json\/wp\/v2\/categoria_noticias?post=19302"}],"curies":[{"name":"wp","href":"https:\/\/api.w.org\/{rel}","templated":true}]}}