{"id":19301,"date":"2025-10-24T10:00:21","date_gmt":"2025-10-24T16:00:21","guid":{"rendered":"https:\/\/fge.oaxaca.gob.mx\/?post_type=noticias&amp;p=10514"},"modified":"2025-10-24T10:00:21","modified_gmt":"2025-10-24T16:00:21","slug":"recuperan-mas-de-200-autoestereos-robados-en-centro-de-operacion-delictiva-aseguran-siete-inmuebles-y-puntos-de-narcomenudeo-tras-operacion-pescador-en-central-de-abasto-fiscalia-de-oaxaca-son-si","status":"publish","type":"noticias","link":"https:\/\/portal.fgeo.gob.mx\/index.php\/archivos\/noticias\/recuperan-mas-de-200-autoestereos-robados-en-centro-de-operacion-delictiva-aseguran-siete-inmuebles-y-puntos-de-narcomenudeo-tras-operacion-pescador-en-central-de-abasto-fiscalia-de-oaxaca-son-si","title":{"rendered":"BOLET\u00cdN 1,860.- Recuperan m\u00e1s de 200 autoest\u00e9reos robados en centro de operaci\u00f3n delictiva, aseguran siete inmuebles y puntos de narcomenudeo tras Operaci\u00f3n Pescador en Central de Abasto: Fiscal\u00eda de Oaxaca"},"content":{"rendered":"<p>* Son siete personas detenidas por delitos contra la salud, luego del operativo interinstitucional como parte de la estrategia \u201cOaxaca Segura\u201d<\/p>\n<p><strong>Oaxaca de Ju\u00e1rez, Oax., a 24 de octubre de 2025.-<\/strong> Dentro de los resultados por la implementaci\u00f3n de la tercera etapa de la Operaci\u00f3n Pescador, que es parte de la estrategia estatal \u201cOaxaca Segura\u201d, la Fiscal\u00eda General del Estado de Oaxaca desmantel\u00f3 un centro de operaciones y comercializaci\u00f3n de objetos robados donde operaba una c\u00e9lula delictiva dedicada al robo de veh\u00edculos en su modalidad de cristalazos, espacio que tambi\u00e9n ocupaban como punto de venta de drogas, en inmediaciones de la Central de Abasto de la capital.<\/p>\n<p>Luego de desplegar operativos simult\u00e1neos para realizar diez cateos en distintos puntos dentro del per\u00edmetro de la Central de Abasto, este 23 de octubre de 2025, la Vicefiscal\u00eda Regional de Valles Centrales hizo el aseguramiento de siete inmuebles por diferentes actividades il\u00edcitas.<\/p>\n<p>En un inmueble ubicado sobre la Privada de Galeana sin n\u00famero, que ten\u00eda la fachada de bodega y ba\u00f1os p\u00fablicos, encontraron m\u00e1s de 200 autoest\u00e9reos, que estaban en un cuarto montado como sala de exhibici\u00f3n.<\/p>\n<p>Sitio donde operaba una c\u00e9lula delictiva dedicada a la venta de objetos robados, la cual estar\u00eda ligada con una red criminal de robos a veh\u00edculos en su modalidad de \u201ccristalazos\u201d.<\/p>\n<p>En el mismo lugar, recuperaron computadoras port\u00e1tiles, as\u00ed como otros aparatos electr\u00f3nicos, sitio que tambi\u00e9n funcionaba como punto de venta de drogas, pues aseguraron diversas dosis de cristal y una bolsa con mariguana.<\/p>\n<p>En tanto que, se identific\u00f3 que estos espacios utilizados como puntos de venta de drogas, operaban de manera paralela con apariencia de negocios legales de diferentes giros comerciales como reparaci\u00f3n de celulares y venta de refrescos.<\/p>\n<p>Derivado de la Operaci\u00f3n Pescador 3.0, se realiz\u00f3 la detenci\u00f3n de siete personas por probables conductas delictivas, adem\u00e1s de asegurar animales protegidos por las Leyes Federales.<\/p>\n<p>Entre los detenidos, est\u00e1 una persona a quien aseguraron un drone que operaba durante el desarrollo del operativo, por lo que fue capturado por su probable responsabilidad en la comisi\u00f3n del delito de halconeo.<\/p>\n<p>Estas acciones estrat\u00e9gicas se realizaron en estrecha coordinaci\u00f3n entre la Fiscal\u00eda de Oaxaca, a trav\u00e9s de la Vicefiscal\u00eda Regional de Valles Centrales y la Agencia Estatal de Investigaciones (AEI), la Secretar\u00eda de la Defensa Nacional (DEFENSA), la Guardia Nacional, Secretar\u00eda de Gobierno (SEGO), la Polic\u00eda Auxiliar, Bancaria, Industrial y Comercial (PABIC), la Polic\u00eda Municipal de Oaxaca de Ju\u00e1rez, Polic\u00eda Estatal, Polic\u00eda Vial Estatal, Coordinaci\u00f3n para la Atenci\u00f3n a los Derechos Humanos (CADH) y Comisi\u00f3n Ejecutiva Estatal de Atenci\u00f3n Integral a V\u00edctimas (CEEAV).<\/p>\n<p><img fetchpriority=\"high\" decoding=\"async\" class=\"alignnone size-medium wp-image-10515\" src=\"https:\/\/fge.oaxaca.gob.mx\/wp-content\/uploads\/2025\/10\/WhatsApp-Image-2025-10-24-at-9.27.05-AM-6-300x200.jpeg\" alt=\"\" width=\"300\" height=\"200\" \/> <img decoding=\"async\" class=\"alignnone size-medium wp-image-10516\" src=\"https:\/\/fge.oaxaca.gob.mx\/wp-content\/uploads\/2025\/10\/WhatsApp-Image-2025-10-24-at-9.27.05-AM-5-300x200.jpeg\" alt=\"\" width=\"300\" height=\"200\" \/> <img decoding=\"async\" class=\"alignnone size-medium wp-image-10517\" src=\"https:\/\/fge.oaxaca.gob.mx\/wp-content\/uploads\/2025\/10\/WhatsApp-Image-2025-10-24-at-9.27.05-AM-4-300x200.jpeg\" alt=\"\" width=\"300\" height=\"200\" \/> <img loading=\"lazy\" decoding=\"async\" class=\"alignnone size-medium wp-image-10518\" src=\"https:\/\/fge.oaxaca.gob.mx\/wp-content\/uploads\/2025\/10\/WhatsApp-Image-2025-10-24-at-9.27.05-AM-3-300x200.jpeg\" alt=\"\" width=\"300\" height=\"200\" \/> <img loading=\"lazy\" decoding=\"async\" class=\"alignnone size-medium wp-image-10519\" src=\"https:\/\/fge.oaxaca.gob.mx\/wp-content\/uploads\/2025\/10\/WhatsApp-Image-2025-10-24-at-9.27.05-AM-2-300x173.jpeg\" alt=\"\" width=\"300\" height=\"173\" \/> <img loading=\"lazy\" decoding=\"async\" class=\"alignnone size-medium wp-image-10520\" src=\"https:\/\/fge.oaxaca.gob.mx\/wp-content\/uploads\/2025\/10\/WhatsApp-Image-2025-10-24-at-9.27.05-AM-1-300x200.jpeg\" alt=\"\" width=\"300\" height=\"200\" \/> <img loading=\"lazy\" decoding=\"async\" class=\"alignnone size-medium wp-image-10521\" src=\"https:\/\/fge.oaxaca.gob.mx\/wp-content\/uploads\/2025\/10\/WhatsApp-Image-2025-10-24-at-9.27.05-AM-300x200.jpeg\" alt=\"\" width=\"300\" height=\"200\" \/> <img loading=\"lazy\" decoding=\"async\" class=\"alignnone size-medium wp-image-10522\" src=\"https:\/\/fge.oaxaca.gob.mx\/wp-content\/uploads\/2025\/10\/WhatsApp-Image-2025-10-24-at-9.27.04-AM-8-300x225.jpeg\" alt=\"\" width=\"300\" height=\"225\" \/> <img loading=\"lazy\" decoding=\"async\" class=\"alignnone size-medium wp-image-10523\" src=\"https:\/\/fge.oaxaca.gob.mx\/wp-content\/uploads\/2025\/10\/WhatsApp-Image-2025-10-24-at-9.27.04-AM-7-300x200.jpeg\" alt=\"\" width=\"300\" height=\"200\" \/> <img loading=\"lazy\" decoding=\"async\" class=\"alignnone size-medium wp-image-10524\" src=\"https:\/\/fge.oaxaca.gob.mx\/wp-content\/uploads\/2025\/10\/WhatsApp-Image-2025-10-24-at-9.27.04-AM-6-300x200.jpeg\" alt=\"\" width=\"300\" height=\"200\" \/> <img loading=\"lazy\" decoding=\"async\" class=\"alignnone size-medium wp-image-10525\" src=\"https:\/\/fge.oaxaca.gob.mx\/wp-content\/uploads\/2025\/10\/WhatsApp-Image-2025-10-24-at-9.27.04-AM-5-300x200.jpeg\" alt=\"\" width=\"300\" height=\"200\" \/> <img loading=\"lazy\" decoding=\"async\" class=\"alignnone size-medium wp-image-10526\" src=\"https:\/\/fge.oaxaca.gob.mx\/wp-content\/uploads\/2025\/10\/WhatsApp-Image-2025-10-24-at-9.27.04-AM-4-300x200.jpeg\" alt=\"\" width=\"300\" height=\"200\" \/> <img loading=\"lazy\" decoding=\"async\" class=\"alignnone size-medium wp-image-10527\" src=\"https:\/\/fge.oaxaca.gob.mx\/wp-content\/uploads\/2025\/10\/WhatsApp-Image-2025-10-24-at-9.27.04-AM-3-300x200.jpeg\" alt=\"\" width=\"300\" height=\"200\" \/> <img loading=\"lazy\" decoding=\"async\" class=\"alignnone size-medium wp-image-10528\" src=\"https:\/\/fge.oaxaca.gob.mx\/wp-content\/uploads\/2025\/10\/WhatsApp-Image-2025-10-24-at-9.27.04-AM-2-300x159.jpeg\" alt=\"\" width=\"300\" height=\"159\" \/> <img loading=\"lazy\" decoding=\"async\" class=\"alignnone size-medium wp-image-10529\" src=\"https:\/\/fge.oaxaca.gob.mx\/wp-content\/uploads\/2025\/10\/WhatsApp-Image-2025-10-24-at-9.27.04-AM-1-246x300.jpeg\" alt=\"\" width=\"246\" height=\"300\" \/> <img loading=\"lazy\" decoding=\"async\" class=\"alignnone size-medium wp-image-10530\" src=\"https:\/\/fge.oaxaca.gob.mx\/wp-content\/uploads\/2025\/10\/WhatsApp-Image-2025-10-24-at-9.27.04-AM-300x182.jpeg\" alt=\"\" width=\"300\" height=\"182\" \/> <img loading=\"lazy\" decoding=\"async\" class=\"alignnone size-medium wp-image-10531\" src=\"https:\/\/fge.oaxaca.gob.mx\/wp-content\/uploads\/2025\/10\/WhatsApp-Image-2025-10-24-at-9.27.03-AM-1-196x300.jpeg\" alt=\"\" width=\"196\" height=\"300\" \/> <img loading=\"lazy\" decoding=\"async\" class=\"alignnone size-medium wp-image-10532\" src=\"https:\/\/fge.oaxaca.gob.mx\/wp-content\/uploads\/2025\/10\/WhatsApp-Image-2025-10-24-at-9.27.03-AM-300x123.jpeg\" alt=\"\" width=\"300\" height=\"123\" \/><\/p>\n<p>&nbsp;<\/p>\n","protected":false},"author":5,"featured_media":10488,"comment_status":"closed","ping_status":"closed","template":"","tags":[],"categoria_noticias":[],"class_list":["post-19301","noticias","type-noticias","status-publish","has-post-thumbnail","hentry"],"acf":[],"mb":[],"mfb_rest_fields":["title","gutenberg_elementor_mode"],"_links":{"self":[{"href":"https:\/\/portal.fgeo.gob.mx\/index.php\/wp-json\/wp\/v2\/noticias\/19301","targetHints":{"allow":["GET"]}}],"collection":[{"href":"https:\/\/portal.fgeo.gob.mx\/index.php\/wp-json\/wp\/v2\/noticias"}],"about":[{"href":"https:\/\/portal.fgeo.gob.mx\/index.php\/wp-json\/wp\/v2\/types\/noticias"}],"author":[{"embeddable":true,"href":"https:\/\/portal.fgeo.gob.mx\/index.php\/wp-json\/wp\/v2\/users\/5"}],"replies":[{"embeddable":true,"href":"https:\/\/portal.fgeo.gob.mx\/index.php\/wp-json\/wp\/v2\/comments?post=19301"}],"wp:featuredmedia":[{"embeddable":true,"href":"https:\/\/portal.fgeo.gob.mx\/index.php\/wp-json\/"}],"wp:attachment":[{"href":"https:\/\/portal.fgeo.gob.mx\/index.php\/wp-json\/wp\/v2\/media?parent=19301"}],"wp:term":[{"taxonomy":"post_tag","embeddable":true,"href":"https:\/\/portal.fgeo.gob.mx\/index.php\/wp-json\/wp\/v2\/tags?post=19301"},{"taxonomy":"categoria_noticias","embeddable":true,"href":"https:\/\/portal.fgeo.gob.mx\/index.php\/wp-json\/wp\/v2\/categoria_noticias?post=19301"}],"curies":[{"name":"wp","href":"https:\/\/api.w.org\/{rel}","templated":true}]}}