{"id":19299,"date":"2025-10-23T10:08:35","date_gmt":"2025-10-23T16:08:35","guid":{"rendered":"https:\/\/fge.oaxaca.gob.mx\/?post_type=noticias&amp;p=10498"},"modified":"2025-10-23T10:08:35","modified_gmt":"2025-10-23T16:08:35","slug":"boletin-1858-fiscalia-de-oaxaca-obtiene-sentencia-contra-conductor-de-pipa-que-provoco-accidente-vial-en-el-que-perdio-la-vida-un-motociclista-sobre-la-carretera-federal-190","status":"publish","type":"noticias","link":"https:\/\/portal.fgeo.gob.mx\/index.php\/archivos\/noticias\/boletin-1858-fiscalia-de-oaxaca-obtiene-sentencia-contra-conductor-de-pipa-que-provoco-accidente-vial-en-el-que-perdio-la-vida-un-motociclista-sobre-la-carretera-federal-190","title":{"rendered":"BOLET\u00cdN 1,858.- Fiscal\u00eda de Oaxaca obtiene sentencia contra conductor de pipa que provoc\u00f3 accidente vial en el que perdi\u00f3 la vida un motociclista sobre la Carretera Federal 190"},"content":{"rendered":"<p style=\"font-weight: 400\">Oaxaca de Ju\u00e1rez, Oax., a 23 de octubre de 2025.- La Fiscal\u00eda General del Estado de Oaxaca (FGEO) logr\u00f3 una sentencia condenatoria de cuatro a\u00f1os, siete meses y 15 d\u00edas contra J.A.V.C., por su responsabilidad en los delitos de homicidio culposo, en agravio de B.G.R.T., y lesiones culposas, en agravio de K.K.A.H., hechos ocurridos en la regi\u00f3n de los Valles Centrales.<\/p>\n<p style=\"font-weight: 400\">\n<p style=\"font-weight: 400\">De acuerdo con el expediente penal, los hechos ocurrieron el 22 de octubre de 2024, cuando las v\u00edctimas transitaban a bordo de una motocicleta sobre la Carretera Federal 190, a la altura de la Villa de Etla, momento en que fueron embestidas por una unidad tipo pipa conducida por J.A.V.C.<\/p>\n<p style=\"font-weight: 400\">\n<p style=\"font-weight: 400\">La investigaci\u00f3n determin\u00f3 que, al llegar a la intersecci\u00f3n con la calle C5, el conductor de la pipa continu\u00f3 la marcha aun cuando el sem\u00e1foro no le permit\u00eda el cruce, provocando el accidente que afect\u00f3 a las dos v\u00edctimas.<\/p>\n<p style=\"font-weight: 400\">\n<p style=\"font-weight: 400\">Como consecuencia, B.G.R.T. sufri\u00f3 lesiones a consecuencia de las cuales perdi\u00f3 la vida, mientras que K.K.A.H. result\u00f3 con heridas graves que pusieron en riesgo su vida.<\/p>\n<p style=\"font-weight: 400\">\n<p style=\"font-weight: 400\">Ante estos hechos, la FGEO, a trav\u00e9s de la Vicefiscal\u00eda de Valles Centrales, realiz\u00f3 las investigaciones correspondientes que permitieron la aprehensi\u00f3n y presentaci\u00f3n de J.A.V.C. ante el juez de la causa para el debido proceso legal.<\/p>\n<p style=\"font-weight: 400\">\n<p style=\"font-weight: 400\">Tras el an\u00e1lisis y valoraci\u00f3n de las pruebas presentadas por la FGEO, el Tribunal de Enjuiciamiento dict\u00f3 la sentencia de cuatro a\u00f1os, siete meses y 15 d\u00edas en contra de J.A.V.C., adem\u00e1s de ordenar el pago por concepto de reparaci\u00f3n del da\u00f1o.<\/p>\n<p style=\"font-weight: 400\">\n<p style=\"font-weight: 400\">La Fiscal\u00eda de Oaxaca reitera su compromiso de llevar a cabo investigaciones exhaustivas, garantizando que quienes cometen delitos enfrenten todo el rigor de la ley.<\/p>\n<p style=\"font-weight: 400\"><img fetchpriority=\"high\" decoding=\"async\" class=\"alignnone size-medium wp-image-10499\" src=\"https:\/\/fge.oaxaca.gob.mx\/wp-content\/uploads\/2025\/10\/Dise\u00f1o-sin-t\u00edtulo-25-240x300.jpg\" alt=\"\" width=\"240\" height=\"300\" \/><\/p>\n","protected":false},"author":5,"featured_media":10488,"comment_status":"closed","ping_status":"closed","template":"","tags":[],"categoria_noticias":[],"class_list":["post-19299","noticias","type-noticias","status-publish","has-post-thumbnail","hentry"],"acf":[],"mb":[],"mfb_rest_fields":["title","gutenberg_elementor_mode"],"_links":{"self":[{"href":"https:\/\/portal.fgeo.gob.mx\/index.php\/wp-json\/wp\/v2\/noticias\/19299","targetHints":{"allow":["GET"]}}],"collection":[{"href":"https:\/\/portal.fgeo.gob.mx\/index.php\/wp-json\/wp\/v2\/noticias"}],"about":[{"href":"https:\/\/portal.fgeo.gob.mx\/index.php\/wp-json\/wp\/v2\/types\/noticias"}],"author":[{"embeddable":true,"href":"https:\/\/portal.fgeo.gob.mx\/index.php\/wp-json\/wp\/v2\/users\/5"}],"replies":[{"embeddable":true,"href":"https:\/\/portal.fgeo.gob.mx\/index.php\/wp-json\/wp\/v2\/comments?post=19299"}],"wp:featuredmedia":[{"embeddable":true,"href":"https:\/\/portal.fgeo.gob.mx\/index.php\/wp-json\/"}],"wp:attachment":[{"href":"https:\/\/portal.fgeo.gob.mx\/index.php\/wp-json\/wp\/v2\/media?parent=19299"}],"wp:term":[{"taxonomy":"post_tag","embeddable":true,"href":"https:\/\/portal.fgeo.gob.mx\/index.php\/wp-json\/wp\/v2\/tags?post=19299"},{"taxonomy":"categoria_noticias","embeddable":true,"href":"https:\/\/portal.fgeo.gob.mx\/index.php\/wp-json\/wp\/v2\/categoria_noticias?post=19299"}],"curies":[{"name":"wp","href":"https:\/\/api.w.org\/{rel}","templated":true}]}}