{"id":19298,"date":"2025-10-22T17:02:53","date_gmt":"2025-10-22T23:02:53","guid":{"rendered":"https:\/\/fge.oaxaca.gob.mx\/?post_type=noticias&amp;p=10496"},"modified":"2025-10-22T17:02:53","modified_gmt":"2025-10-22T23:02:53","slug":"boletin-1857-fiscalia-de-oaxaca-logra-vinculacion-a-proceso-y-prision-preventiva-por-homicidio-cometido-en-pinotepa-nacional","status":"publish","type":"noticias","link":"https:\/\/portal.fgeo.gob.mx\/index.php\/archivos\/noticias\/boletin-1857-fiscalia-de-oaxaca-logra-vinculacion-a-proceso-y-prision-preventiva-por-homicidio-cometido-en-pinotepa-nacional","title":{"rendered":"BOLET\u00cdN 1,857.- Fiscal\u00eda de Oaxaca logra vinculaci\u00f3n a proceso y prisi\u00f3n preventiva por homicidio cometido en Pinotepa Nacional"},"content":{"rendered":"<p>&nbsp;<\/p>\n<p>Oaxaca de Ju\u00e1rez, Oax., a 22 de octubre de 2025.- La Fiscal\u00eda General del Estado de Oaxaca (FGEO) obtuvo auto de vinculaci\u00f3n a proceso y prisi\u00f3n preventiva en contra de una persona del sexo masculino identificada como E.I.A.C., por el delito de homicidio calificado con ventaja, cometido en agravio de A.C.T., en la regi\u00f3n de la Costa.<\/p>\n<p>&nbsp;<\/p>\n<p>De acuerdo con lo asentado en el expediente penal, los hechos ocurrieron el 30 de julio de 2025, cuando la v\u00edctima se encontraba en su domicilio, ubicado en la localidad de Cruz del Itacu\u00e1n, perteneciente al municipio de Santiago Pinotepa Nacional.<\/p>\n<p>&nbsp;<\/p>\n<p>La investigaci\u00f3n establece que, la v\u00edctima fue atacada con disparos de arma de fuego por dos personas que llegaron al lugar a bordo de una motocicleta, provocando lesiones por las cuales perdi\u00f3 la vida.<\/p>\n<p>&nbsp;<\/p>\n<p>Tras tener conocimiento de los hechos, la Fiscal\u00eda General de Oaxaca -a trav\u00e9s de la Vicefiscal\u00eda Regional de la Costa- inici\u00f3 las investigaciones correspondientes, logrando reunir los elementos de prueba suficientes para obtener una orden de aprehensi\u00f3n en contra del imputado.<\/p>\n<p>&nbsp;<\/p>\n<p>Una vez que los elementos de la Agencia Estatal de Investigaciones (AEI) lograron localizar y detener a E.I.A.C, lo llevaron ante la autoridad que lo requiri\u00f3, para su proceso legal correspondiente.<\/p>\n<p>&nbsp;<\/p>\n<p>Durante la audiencia, y tras el desahogo de las pruebas presentadas por la FGEO, el Juez de Control determin\u00f3 vincular a proceso a E.I.A.C. por el delito de homicidio calificado con ventaja, imponi\u00e9ndole la medida cautelar de prisi\u00f3n preventiva y otorgando el plazo de tres meses para el cierre de la investigaci\u00f3n complementaria.<\/p>\n<p>&nbsp;<\/p>\n<p>La Fiscal\u00eda General del Estado de Oaxaca reitera su compromiso de realizar investigaciones s\u00f3lidas y exhaustivas en delitos de alto impacto, a fin de llevar ante la justicia a quienes resulten responsables y aplicar todo el rigor de la ley.<\/p>\n<p><img fetchpriority=\"high\" decoding=\"async\" class=\"alignnone size-medium wp-image-10497\" src=\"https:\/\/fge.oaxaca.gob.mx\/wp-content\/uploads\/2025\/10\/WhatsApp-Image-2025-10-22-at-4.15.02-PM-300x168.jpeg\" alt=\"\" width=\"300\" height=\"168\" \/><\/p>\n","protected":false},"author":5,"featured_media":10488,"comment_status":"closed","ping_status":"closed","template":"","tags":[],"categoria_noticias":[],"class_list":["post-19298","noticias","type-noticias","status-publish","has-post-thumbnail","hentry"],"acf":[],"mb":[],"mfb_rest_fields":["title","gutenberg_elementor_mode"],"_links":{"self":[{"href":"https:\/\/portal.fgeo.gob.mx\/index.php\/wp-json\/wp\/v2\/noticias\/19298","targetHints":{"allow":["GET"]}}],"collection":[{"href":"https:\/\/portal.fgeo.gob.mx\/index.php\/wp-json\/wp\/v2\/noticias"}],"about":[{"href":"https:\/\/portal.fgeo.gob.mx\/index.php\/wp-json\/wp\/v2\/types\/noticias"}],"author":[{"embeddable":true,"href":"https:\/\/portal.fgeo.gob.mx\/index.php\/wp-json\/wp\/v2\/users\/5"}],"replies":[{"embeddable":true,"href":"https:\/\/portal.fgeo.gob.mx\/index.php\/wp-json\/wp\/v2\/comments?post=19298"}],"wp:featuredmedia":[{"embeddable":true,"href":"https:\/\/portal.fgeo.gob.mx\/index.php\/wp-json\/"}],"wp:attachment":[{"href":"https:\/\/portal.fgeo.gob.mx\/index.php\/wp-json\/wp\/v2\/media?parent=19298"}],"wp:term":[{"taxonomy":"post_tag","embeddable":true,"href":"https:\/\/portal.fgeo.gob.mx\/index.php\/wp-json\/wp\/v2\/tags?post=19298"},{"taxonomy":"categoria_noticias","embeddable":true,"href":"https:\/\/portal.fgeo.gob.mx\/index.php\/wp-json\/wp\/v2\/categoria_noticias?post=19298"}],"curies":[{"name":"wp","href":"https:\/\/api.w.org\/{rel}","templated":true}]}}