{"id":19297,"date":"2025-10-22T13:00:15","date_gmt":"2025-10-22T19:00:15","guid":{"rendered":"https:\/\/fge.oaxaca.gob.mx\/?post_type=noticias&amp;p=10492"},"modified":"2025-10-22T13:00:15","modified_gmt":"2025-10-22T19:00:15","slug":"boletin-1856-fiscalia-de-oaxaca-solicita-vinculacion-a-proceso-y-logra-prision-contra-tres-personas-detenidas-por-delitos-electorales-durante-jornada-en-san-agustin-de-las-juntas","status":"publish","type":"noticias","link":"https:\/\/portal.fgeo.gob.mx\/index.php\/archivos\/noticias\/boletin-1856-fiscalia-de-oaxaca-solicita-vinculacion-a-proceso-y-logra-prision-contra-tres-personas-detenidas-por-delitos-electorales-durante-jornada-en-san-agustin-de-las-juntas","title":{"rendered":"BOLET\u00cdN 1,856.- Fiscal\u00eda de Oaxaca solicita vinculaci\u00f3n a proceso y logra prisi\u00f3n contra tres personas detenidas por delitos electorales durante jornada en San Agust\u00edn de las Juntas"},"content":{"rendered":"<p>&nbsp;<\/p>\n<p><strong>Oaxaca de Ju\u00e1rez, Oax., a 22 de octubre de 2025.- <\/strong>La Fiscal\u00eda General del Estado de Oaxaca (FGEO) solicit\u00f3 que se dicte auto de vinculaci\u00f3n a proceso para tres personas del sexo masculino identificadas como P.L.S., D.G.M. y A.A.T., por el delito en materia electoral, derivado de los hechos ocurridos durante la jornada regida por Sistemas Normativos Ind\u00edgenas en el municipio de San Agust\u00edn de las Juntas.<\/p>\n<p>&nbsp;<\/p>\n<p>De acuerdo con la carpeta de investigaci\u00f3n, los hechos ocurrieron el 19 de octubre de 2025, en la explanada municipal ubicada en la calle Libertad, donde se desarrollaba la Asamblea General Comunitaria Electiva para la integrar el Ayuntamiento Constitucional 2026\u20132028.<\/p>\n<p>&nbsp;<\/p>\n<p>Las investigaciones establecen que al lugar arrib\u00f3 un grupo de personas que portaban palos, machetes y tubos, con los cuales provocaron destrozos y agredieron a participantes del proceso electoral, lo que ocasion\u00f3 la suspensi\u00f3n de la votaci\u00f3n comunitaria.<\/p>\n<p>&nbsp;<\/p>\n<p>Tras la intervenci\u00f3n de las autoridades, tres personas fueron detenidas y puestas a disposici\u00f3n de la Fiscal\u00eda Especializada en Delitos Electorales (FEDE) y la Vicefiscal\u00eda de Valles Centrales, que integraron la carpeta correspondiente.<\/p>\n<p>&nbsp;<\/p>\n<p>Luego que la FGEO present\u00f3 los datos de prueba, el Juez de la causa calific\u00f3 como legal la detenci\u00f3n y comunic\u00f3 imputaci\u00f3n a P.L.S., D.G.M. y A.A.T., imponi\u00e9ndoles la medida cautelar de prisi\u00f3n preventiva, por lo que el Ministerio P\u00fablico hizo la solicitud de la vinculaci\u00f3n a proceso por el delito en materia electoral.<\/p>\n<p>&nbsp;<\/p>\n<p>La Fiscal\u00eda General del Estado de Oaxaca reafirma su compromiso con la procuraci\u00f3n de justicia electoral, haciendo valer la ley y garantizando paz, certeza y seguridad a la ciudadan\u00eda.<\/p>\n<p><img fetchpriority=\"high\" decoding=\"async\" class=\"alignnone size-medium wp-image-10493\" src=\"https:\/\/fge.oaxaca.gob.mx\/wp-content\/uploads\/2025\/10\/A.A.T-297x300.jpg\" alt=\"\" width=\"297\" height=\"300\" \/> <img decoding=\"async\" class=\"alignnone size-medium wp-image-10494\" src=\"https:\/\/fge.oaxaca.gob.mx\/wp-content\/uploads\/2025\/10\/D.G.M.-297x300.jpg\" alt=\"\" width=\"297\" height=\"300\" \/> <img decoding=\"async\" class=\"alignnone size-medium wp-image-10495\" src=\"https:\/\/fge.oaxaca.gob.mx\/wp-content\/uploads\/2025\/10\/P.L.S.-300x254.jpg\" alt=\"\" width=\"300\" height=\"254\" \/><\/p>\n","protected":false},"author":5,"featured_media":10488,"comment_status":"closed","ping_status":"closed","template":"","tags":[],"categoria_noticias":[],"class_list":["post-19297","noticias","type-noticias","status-publish","has-post-thumbnail","hentry"],"acf":[],"mb":[],"mfb_rest_fields":["title","gutenberg_elementor_mode"],"_links":{"self":[{"href":"https:\/\/portal.fgeo.gob.mx\/index.php\/wp-json\/wp\/v2\/noticias\/19297","targetHints":{"allow":["GET"]}}],"collection":[{"href":"https:\/\/portal.fgeo.gob.mx\/index.php\/wp-json\/wp\/v2\/noticias"}],"about":[{"href":"https:\/\/portal.fgeo.gob.mx\/index.php\/wp-json\/wp\/v2\/types\/noticias"}],"author":[{"embeddable":true,"href":"https:\/\/portal.fgeo.gob.mx\/index.php\/wp-json\/wp\/v2\/users\/5"}],"replies":[{"embeddable":true,"href":"https:\/\/portal.fgeo.gob.mx\/index.php\/wp-json\/wp\/v2\/comments?post=19297"}],"wp:featuredmedia":[{"embeddable":true,"href":"https:\/\/portal.fgeo.gob.mx\/index.php\/wp-json\/"}],"wp:attachment":[{"href":"https:\/\/portal.fgeo.gob.mx\/index.php\/wp-json\/wp\/v2\/media?parent=19297"}],"wp:term":[{"taxonomy":"post_tag","embeddable":true,"href":"https:\/\/portal.fgeo.gob.mx\/index.php\/wp-json\/wp\/v2\/tags?post=19297"},{"taxonomy":"categoria_noticias","embeddable":true,"href":"https:\/\/portal.fgeo.gob.mx\/index.php\/wp-json\/wp\/v2\/categoria_noticias?post=19297"}],"curies":[{"name":"wp","href":"https:\/\/api.w.org\/{rel}","templated":true}]}}