{"id":19292,"date":"2025-10-18T17:07:45","date_gmt":"2025-10-18T23:07:45","guid":{"rendered":"https:\/\/fge.oaxaca.gob.mx\/?post_type=noticias&amp;p=10453"},"modified":"2025-10-18T17:07:45","modified_gmt":"2025-10-18T23:07:45","slug":"boletin-1844-obtiene-fgeo-vinculacion-a-proceso-y-prision-contra-imputado-por-asalto-a-una-empleada-de-pitico-en-el-centro-de-oaxaca-de-juarez","status":"publish","type":"noticias","link":"https:\/\/portal.fgeo.gob.mx\/index.php\/archivos\/noticias\/boletin-1844-obtiene-fgeo-vinculacion-a-proceso-y-prision-contra-imputado-por-asalto-a-una-empleada-de-pitico-en-el-centro-de-oaxaca-de-juarez","title":{"rendered":"BOLET\u00cdN 1,844.- Obtiene FGEO vinculaci\u00f3n a proceso y prisi\u00f3n contra imputado por asalto a una empleada de Pitic\u00f3 en el centro de Oaxaca de Ju\u00e1rez"},"content":{"rendered":"<p><strong>Oaxaca de Ju\u00e1rez, Oax. 18 de octubre de 2025.-<\/strong> La Fiscal\u00eda General del Estado de Oaxaca (FGEO) obtuvo auto de Vinculaci\u00f3n a Proceso y prisi\u00f3n preventiva contra una persona identificada como H.G.R., o A.H.G., imputado por el delito de robo con violencia a una mujer, trabajadora de un tienda comercial denominada Pitico, ubicada en calles c\u00e9ntricas de Oaxaca de Ju\u00e1rez.<\/p>\n<p>&nbsp;<\/p>\n<p>De acuerdo con el expediente penal del caso, los hechos que se le imputan ocurrieron el 08 de octubre de 2025, cuando la v\u00edctima identificada como G.G.C., se encontraba laborando en la tienda Pitic\u00f3 ubicada en la carretera Melchor Ocampo esquina con Miguel Hidalgo en la colonia centro del municipio de Oaxaca de Ju\u00e1rez.<\/p>\n<p>&nbsp;<\/p>\n<p>Las indagatorias del caso detallaron que, un hombre entr\u00f3 a la tienda y con unas tijeras met\u00e1licas amag\u00f3 a la v\u00edctima a quien despoj\u00f3 de su tel\u00e9fono celular, para despu\u00e9s emprender la huida.<\/p>\n<p>&nbsp;<\/p>\n<p>Luego del llamado de auxilio, las autoridades policiales fueron alertadas y a trav\u00e9s de un operativo, lograron la localizaci\u00f3n y detenci\u00f3n de H.G.R. o A.H.G., cuando caminaba sobre la calle de Valerio Trujano esquina con D\u00edaz Ordaz, lugar donde lo inspeccionaron y le hallaron el tel\u00e9fono celular propiedad de la v\u00edctima, posteriormente fue puesto a disposici\u00f3n de la autoridad competente para su debido certificaci\u00f3n legal.<\/p>\n<p>&nbsp;<\/p>\n<p>&nbsp;<\/p>\n<p>&nbsp;<\/p>\n<p><img fetchpriority=\"high\" decoding=\"async\" class=\"alignnone  wp-image-10454\" src=\"https:\/\/fge.oaxaca.gob.mx\/wp-content\/uploads\/2025\/10\/Dise\u00f1o-sin-t\u00edtulo-7-169x300.png\" alt=\"\" width=\"219\" height=\"389\" \/>\u00a0 \u00a0 \u00a0\u00a0<img decoding=\"async\" class=\"alignnone  wp-image-10455\" src=\"https:\/\/fge.oaxaca.gob.mx\/wp-content\/uploads\/2025\/10\/Dise\u00f1o-sin-t\u00edtulo-3-169x300.png\" alt=\"\" width=\"219\" height=\"388\" \/><\/p>\n<p>&nbsp;<\/p>\n<p>Ante estos hechos, la Vicefiscal\u00eda Regional de Valles Centrales atrajo el caso e inici\u00f3 las investigaciones correspondientes, las cuales permitieron obtener datos de prueba suficientes para presentarlo ante el juez<\/p>\n<p>&nbsp;<\/p>\n<p>Una vez analizadas las pruebas aportadas por la FGEO, el juez de la causa dict\u00f3 auto de vinculaci\u00f3n a proceso e impuso la prisi\u00f3n preventiva justificada como medida cautelar y concedi\u00f3 el plazo de un mes para el cierre de la investigaci\u00f3n complementaria.<\/p>\n<p>&nbsp;<\/p>\n<p>La Fiscal\u00eda de Oaxaca realiza trabajos para combatir la comisi\u00f3n de delitos que afectan el patrimonio de la poblaci\u00f3n en distintas regiones de la entidad, con el objetivo de garantizar un adecuado acceso a la procuraci\u00f3n de justicia.<\/p>\n<p>&nbsp;<\/p>\n<p><img decoding=\"async\" class=\"alignnone  wp-image-10456\" src=\"https:\/\/fge.oaxaca.gob.mx\/wp-content\/uploads\/2025\/10\/Dise\u00f1o-sin-t\u00edtulo-4-169x300.png\" alt=\"\" width=\"231\" height=\"410\" \/>\u00a0 \u00a0 \u00a0\u00a0<img loading=\"lazy\" decoding=\"async\" class=\"alignnone  wp-image-10457\" src=\"https:\/\/fge.oaxaca.gob.mx\/wp-content\/uploads\/2025\/10\/Dise\u00f1o-sin-t\u00edtulo-5-169x300.png\" alt=\"\" width=\"230\" height=\"408\" \/><\/p>\n<p>&nbsp;<\/p>\n","protected":false},"author":5,"featured_media":0,"comment_status":"closed","ping_status":"closed","template":"","tags":[],"categoria_noticias":[],"class_list":["post-19292","noticias","type-noticias","status-publish","hentry"],"acf":[],"mb":[],"mfb_rest_fields":["title","gutenberg_elementor_mode"],"_links":{"self":[{"href":"https:\/\/portal.fgeo.gob.mx\/index.php\/wp-json\/wp\/v2\/noticias\/19292","targetHints":{"allow":["GET"]}}],"collection":[{"href":"https:\/\/portal.fgeo.gob.mx\/index.php\/wp-json\/wp\/v2\/noticias"}],"about":[{"href":"https:\/\/portal.fgeo.gob.mx\/index.php\/wp-json\/wp\/v2\/types\/noticias"}],"author":[{"embeddable":true,"href":"https:\/\/portal.fgeo.gob.mx\/index.php\/wp-json\/wp\/v2\/users\/5"}],"replies":[{"embeddable":true,"href":"https:\/\/portal.fgeo.gob.mx\/index.php\/wp-json\/wp\/v2\/comments?post=19292"}],"wp:attachment":[{"href":"https:\/\/portal.fgeo.gob.mx\/index.php\/wp-json\/wp\/v2\/media?parent=19292"}],"wp:term":[{"taxonomy":"post_tag","embeddable":true,"href":"https:\/\/portal.fgeo.gob.mx\/index.php\/wp-json\/wp\/v2\/tags?post=19292"},{"taxonomy":"categoria_noticias","embeddable":true,"href":"https:\/\/portal.fgeo.gob.mx\/index.php\/wp-json\/wp\/v2\/categoria_noticias?post=19292"}],"curies":[{"name":"wp","href":"https:\/\/api.w.org\/{rel}","templated":true}]}}