{"id":19290,"date":"2025-10-17T15:06:41","date_gmt":"2025-10-17T21:06:41","guid":{"rendered":"https:\/\/fge.oaxaca.gob.mx\/?post_type=noticias&amp;p=10447"},"modified":"2025-10-17T15:06:41","modified_gmt":"2025-10-17T21:06:41","slug":"boletin-1842-fiscalia-de-oaxaca-aprehende-a-una-persona-por-tentativa-de-feminicidio-derivado-de-celotipia-del-agresor-cometido-en-la-region-del-istmo","status":"publish","type":"noticias","link":"https:\/\/portal.fgeo.gob.mx\/index.php\/archivos\/noticias\/boletin-1842-fiscalia-de-oaxaca-aprehende-a-una-persona-por-tentativa-de-feminicidio-derivado-de-celotipia-del-agresor-cometido-en-la-region-del-istmo","title":{"rendered":"BOLET\u00cdN 1,842.- Fiscal\u00eda de Oaxaca aprehende a una persona por tentativa de feminicidio derivado de celotipia del agresor, cometido en la regi\u00f3n del Istmo"},"content":{"rendered":"<p style=\"font-weight: 400\"><strong>Oaxaca de Ju\u00e1rez, Oax. 17 de octubre de 2025.-<\/strong>\u00a0Las investigaciones con perspectiva de g\u00e9nero que lleva a cabo la Fiscal\u00eda General del Estado de Oaxaca (FGEO) hicieron posible la ejecuci\u00f3n de una orden de aprehensi\u00f3n en contra de una persona del sexo masculino identificado como W.V.J., por el delito de feminicidio en grado de tentativa, ocurrido en la regi\u00f3n del Istmo.<\/p>\n<p style=\"font-weight: 400\">Los hechos sucedieron el 18 de agosto de 2025, cuando la v\u00edctima -identificada como E.S.C.,- \u00a0se encontraba en el interior de un domicilio ubicado en el municipio de Juchit\u00e1n de Zaragoza, donde lleg\u00f3 el agresor y de manera violenta increp\u00f3 a la mujer a quien atac\u00f3 f\u00edsicamente infligiendo lesiones que pusieron en peligro su vida.<\/p>\n<p style=\"font-weight: 400\">Al tener conocimiento del caso, la FGEO inici\u00f3 las indagatorias con perspectiva de g\u00e9nero a trav\u00e9s de la Vicefiscal\u00eda Regional del Istmo, logrando obtener una orden de aprehensi\u00f3n en contra de W.V.J., por el delito de feminicidio en grado de tentativa.<\/p>\n<p style=\"font-weight: 400\">Una vez localizado, W.V.J., fue detenido por Agentes Estatales de Investigaci\u00f3n (AEI) y puesto a disposici\u00f3n de la autoridad ministerial correspondiente para determinar su situaci\u00f3n jur\u00eddica.<\/p>\n<p style=\"font-weight: 400\">La Fiscal\u00eda General del Estado de Oaxaca reitera su compromiso en esclarecer delitos de g\u00e9nero en la entidad, aplicando todo el rigor de la Ley a quien o quienes resulten responsables.<img fetchpriority=\"high\" decoding=\"async\" class=\"alignnone size-medium wp-image-10448\" src=\"https:\/\/fge.oaxaca.gob.mx\/wp-content\/uploads\/2025\/10\/WhatsApp-Image-2025-10-16-at-8.02.25-PM-300x241.jpeg\" alt=\"\" width=\"300\" height=\"241\" \/><\/p>\n","protected":false},"author":5,"featured_media":10401,"comment_status":"closed","ping_status":"closed","template":"","tags":[],"categoria_noticias":[],"class_list":["post-19290","noticias","type-noticias","status-publish","has-post-thumbnail","hentry"],"acf":[],"mb":[],"mfb_rest_fields":["title","gutenberg_elementor_mode"],"_links":{"self":[{"href":"https:\/\/portal.fgeo.gob.mx\/index.php\/wp-json\/wp\/v2\/noticias\/19290","targetHints":{"allow":["GET"]}}],"collection":[{"href":"https:\/\/portal.fgeo.gob.mx\/index.php\/wp-json\/wp\/v2\/noticias"}],"about":[{"href":"https:\/\/portal.fgeo.gob.mx\/index.php\/wp-json\/wp\/v2\/types\/noticias"}],"author":[{"embeddable":true,"href":"https:\/\/portal.fgeo.gob.mx\/index.php\/wp-json\/wp\/v2\/users\/5"}],"replies":[{"embeddable":true,"href":"https:\/\/portal.fgeo.gob.mx\/index.php\/wp-json\/wp\/v2\/comments?post=19290"}],"wp:featuredmedia":[{"embeddable":true,"href":"https:\/\/portal.fgeo.gob.mx\/index.php\/wp-json\/"}],"wp:attachment":[{"href":"https:\/\/portal.fgeo.gob.mx\/index.php\/wp-json\/wp\/v2\/media?parent=19290"}],"wp:term":[{"taxonomy":"post_tag","embeddable":true,"href":"https:\/\/portal.fgeo.gob.mx\/index.php\/wp-json\/wp\/v2\/tags?post=19290"},{"taxonomy":"categoria_noticias","embeddable":true,"href":"https:\/\/portal.fgeo.gob.mx\/index.php\/wp-json\/wp\/v2\/categoria_noticias?post=19290"}],"curies":[{"name":"wp","href":"https:\/\/api.w.org\/{rel}","templated":true}]}}