{"id":19287,"date":"2025-10-16T18:00:47","date_gmt":"2025-10-17T00:00:47","guid":{"rendered":"https:\/\/fge.oaxaca.gob.mx\/?post_type=noticias&amp;p=10438"},"modified":"2025-10-16T18:00:47","modified_gmt":"2025-10-17T00:00:47","slug":"boletin-1839-fiscalia-de-oaxaca-obtiene-vinculacion-a-proceso-y-prision-contra-e-j-r-alias-el-el-chikis-por-homicidio-calificado-y-asociacion-delictuosa-cometido-por-un-grupo-d","status":"publish","type":"noticias","link":"https:\/\/portal.fgeo.gob.mx\/index.php\/archivos\/noticias\/boletin-1839-fiscalia-de-oaxaca-obtiene-vinculacion-a-proceso-y-prision-contra-e-j-r-alias-el-el-chikis-por-homicidio-calificado-y-asociacion-delictuosa-cometido-por-un-grupo-d","title":{"rendered":"BOLET\u00cdN 1,839.-  Fiscal\u00eda de Oaxaca obtiene vinculaci\u00f3n a proceso y prisi\u00f3n contra E.J.R. alias el \u201cEl Chikis\u201d por homicidio calificado y asociaci\u00f3n delictuosa, cometido por un grupo de cholos Santa Cruz Xoxocotl\u00e1n"},"content":{"rendered":"<p><strong>Oaxaca de Ju\u00e1rez, Oax. 16 de octubre de 2025.-<\/strong> Como parte de las acciones de investigaci\u00f3n ministerial para combatir los delitos de alto impacto, la Fiscal\u00eda General del Estado de Oaxaca (FGEO) obtuvo auto de vinculaci\u00f3n a proceso y prisi\u00f3n en contra de una persona del sexo masculino identificada como E.J.R., alias \u201cEl Chikis\u201d, por los delitos de homicidio calificado con ventaja y asociaci\u00f3n delictuosa, cometidos en la regi\u00f3n de los Valles Centrales.<\/p>\n<p>&nbsp;<\/p>\n<p>De acuerdo con lo asentado en el expediente penal, los hechos ocurrieron el 27 de abril de 2025, cuando la v\u00edctima identificada como G.J.C.G., llegaba a su domicilio ubicado en la calle Gerbera del fraccionamiento Jardines del Sur, en Santa Cruz Xoxocotl\u00e1n, donde fue interceptado por integrantes de una pandilla de cholos, quienes lo agredieron f\u00edsicamente, infligiendo lesiones que lo privaron de la vida.<\/p>\n<p>&nbsp;<\/p>\n<p>Los estudios periciales determinaron que la causa del fallecimiento fue hemorragia cerebral aguda.<\/p>\n<p>&nbsp;<\/p>\n<p>Tras tener conocimiento de los hechos, la Fiscal\u00eda de Oaxaca inici\u00f3 las investigaciones correspondientes que quedaron a cargo de la Fiscal\u00eda Especializada para la Atenci\u00f3n a Delitos de Alto Impacto, logrando establecer l\u00edneas s\u00f3lidas de investigaci\u00f3n que permitieron obtener una orden de aprehensi\u00f3n gratuita a la cual se logr\u00f3 la detenci\u00f3n de E.J.R., alias \u201cEl Chikis\u201d.<\/p>\n<p>&nbsp;<\/p>\n<p>Durante la audiencia inicial, y con base en los datos de prueba presentados por la Fiscal\u00eda de Oaxaca, el Juez de Control dict\u00f3 auto de vinculaci\u00f3n a proceso contra E.J.R., alias \u201cEl Chikis\u201d, imponi\u00e9ndole la medida cautelar de prisi\u00f3n preventiva justificada, adem\u00e1s de otorgar un plazo de dos meses para el cierre de la investigaci\u00f3n complementaria.<\/p>\n<p>&nbsp;<\/p>\n<p>La Fiscal\u00eda General del Estado de Oaxaca reafirma su compromiso de realizar las labores ministeriales necesarias para presentar ante la justicia a quienes resulten responsables de delitos de alto impacto, garantizando a las v\u00edctimas directas e indirectas acceso pleno a la procuraci\u00f3n de justicia.<\/p>\n<figure id=\"attachment_10439\" aria-describedby=\"caption-attachment-10439\" style=\"width: 300px\" class=\"wp-caption alignnone\"><img fetchpriority=\"high\" decoding=\"async\" class=\"size-medium wp-image-10439\" src=\"https:\/\/fge.oaxaca.gob.mx\/wp-content\/uploads\/2025\/10\/Dise\u00f1o-sin-t\u00edtulo-23-300x169.jpg\" alt=\"\" width=\"300\" height=\"169\" \/><figcaption id=\"caption-attachment-10439\" class=\"wp-caption-text\">Dise\u00f1o sin t\u00edtulo &#8211; 1<\/figcaption><\/figure>\n","protected":false},"author":5,"featured_media":10401,"comment_status":"closed","ping_status":"closed","template":"","tags":[],"categoria_noticias":[],"class_list":["post-19287","noticias","type-noticias","status-publish","has-post-thumbnail","hentry"],"acf":[],"mb":[],"mfb_rest_fields":["title","gutenberg_elementor_mode"],"_links":{"self":[{"href":"https:\/\/portal.fgeo.gob.mx\/index.php\/wp-json\/wp\/v2\/noticias\/19287","targetHints":{"allow":["GET"]}}],"collection":[{"href":"https:\/\/portal.fgeo.gob.mx\/index.php\/wp-json\/wp\/v2\/noticias"}],"about":[{"href":"https:\/\/portal.fgeo.gob.mx\/index.php\/wp-json\/wp\/v2\/types\/noticias"}],"author":[{"embeddable":true,"href":"https:\/\/portal.fgeo.gob.mx\/index.php\/wp-json\/wp\/v2\/users\/5"}],"replies":[{"embeddable":true,"href":"https:\/\/portal.fgeo.gob.mx\/index.php\/wp-json\/wp\/v2\/comments?post=19287"}],"wp:featuredmedia":[{"embeddable":true,"href":"https:\/\/portal.fgeo.gob.mx\/index.php\/wp-json\/"}],"wp:attachment":[{"href":"https:\/\/portal.fgeo.gob.mx\/index.php\/wp-json\/wp\/v2\/media?parent=19287"}],"wp:term":[{"taxonomy":"post_tag","embeddable":true,"href":"https:\/\/portal.fgeo.gob.mx\/index.php\/wp-json\/wp\/v2\/tags?post=19287"},{"taxonomy":"categoria_noticias","embeddable":true,"href":"https:\/\/portal.fgeo.gob.mx\/index.php\/wp-json\/wp\/v2\/categoria_noticias?post=19287"}],"curies":[{"name":"wp","href":"https:\/\/api.w.org\/{rel}","templated":true}]}}