{"id":19285,"date":"2025-10-16T12:21:17","date_gmt":"2025-10-16T18:21:17","guid":{"rendered":"https:\/\/fge.oaxaca.gob.mx\/?post_type=noticias&amp;p=10430"},"modified":"2025-10-16T12:21:17","modified_gmt":"2025-10-16T18:21:17","slug":"boletin-1837-en-accion-inmediatamente-fiscalia-de-oaxaca-aprehende-a-dos-hombres-por-tentativa-de-feminicidio-cometido-en-la-region-mixe","status":"publish","type":"noticias","link":"https:\/\/portal.fgeo.gob.mx\/index.php\/archivos\/noticias\/boletin-1837-en-accion-inmediatamente-fiscalia-de-oaxaca-aprehende-a-dos-hombres-por-tentativa-de-feminicidio-cometido-en-la-region-mixe","title":{"rendered":"BOLET\u00cdN 1,837.- En acci\u00f3n inmediatamente, Fiscal\u00eda de Oaxaca aprehende a dos hombres por tentativa de feminicidio cometido en la regi\u00f3n Mixe"},"content":{"rendered":"<p>&nbsp;<\/p>\n<p><strong>Oaxaca de Ju\u00e1rez, Oax. 16 de octubre de 2025.-<\/strong> Como parte de las acciones integrales de atenci\u00f3n inmediata a delitos cometidos contra mujeres, la Fiscal\u00eda General del Estado de Oaxaca (FGEO) ejecut\u00f3 dos \u00f3rdenes de aprehensi\u00f3n en contra de dos personas del sexo masculino identificadas como J.L.M. y G.M.L. (concubino y cu\u00f1ado de la v\u00edctima, respectivamente), por el delito de feminicidio agravado en grado de tentativa.<\/p>\n<p><img decoding=\"async\" class=\"size-medium wp-image-10431\" src=\"https:\/\/fge.oaxaca.gob.mx\/wp-content\/uploads\/2025\/10\/Dise\u00f1o-sin-t\u00edtulo-2-1-300x126.jpg\" alt=\"\" width=\"300\" height=\"126\" \/><\/p>\n<p>De acuerdo con las investigaciones, los hechos ocurrieron el 13 de octubre de 2025, cuando la v\u00edctima -una mujer identificada como E.V.M.- se encontraba en su domicilio ubicado en la Agencia de Constituci\u00f3n, San Juan Mazatl\u00e1n, Mixe.<\/p>\n<p>Las indagatorias revelan que, en el lugar, la v\u00edctima fue agredida f\u00edsicamente por dos hombres que le provocaron lesiones severas.<\/p>\n<p>Ante la agresi\u00f3n, la mujer pidi\u00f3 auxilio; personas cercanas tocaron a la puerta del domicilio, por lo que, al verse descubiertos, los agresores huyeron.<\/p>\n<p>La v\u00edctima logr\u00f3 salir a la calle, donde fue auxiliada por terceras personas y trasladada a un hospital para recibir atenci\u00f3n m\u00e9dica.<\/p>\n<p>Tras conocer el caso, la Fiscal\u00eda de Oaxaca, a trav\u00e9s de la Vicefiscal\u00eda Regional del Istmo, brinda y da acompa\u00f1amiento a la v\u00edctima, adem\u00e1s que inici\u00f3 las investigaciones con perspectiva de g\u00e9nero, logrando obtener \u00f3rdenes de aprehensi\u00f3n en contra de J.L.M.\u00a0 y G.M.L., por el delito de feminicidio agravado en grado de tentativa.<\/p>\n<p>Una vez localizados, J.L.M. y G.M.L., fueron detenidos el 15 de octubre de 2025 por elementos de la Agencia Estatal de Investigaciones (AEI), en colaboraci\u00f3n con la Secretar\u00eda de la Defensa Nacional (SEDENA).<\/p>\n<p>Posteriormente, los imputados fueron puestos a disposici\u00f3n de la autoridad correspondiente, que determinar\u00e1 su situaci\u00f3n jur\u00eddica.<\/p>\n<p>La Fiscal\u00eda General del Estado de Oaxaca reafirma su compromiso de priorizar la atenci\u00f3n de delitos en los que las v\u00edctimas sean mujeres, ni\u00f1as, ni\u00f1os y adolescentes, aplicando todo el rigor de la ley a quienes resulten responsables.<\/p>\n<p><img fetchpriority=\"high\" decoding=\"async\" class=\"alignnone size-medium wp-image-10433\" src=\"https:\/\/fge.oaxaca.gob.mx\/wp-content\/uploads\/2025\/10\/Dise\u00f1o-sin-t\u00edtulo-21-225x300.jpg\" alt=\"\" width=\"225\" height=\"300\" \/><img decoding=\"async\" class=\"alignnone size-medium wp-image-10432\" src=\"https:\/\/fge.oaxaca.gob.mx\/wp-content\/uploads\/2025\/10\/Dise\u00f1o-sin-t\u00edtulo-1-4-225x300.jpg\" alt=\"\" width=\"225\" height=\"300\" \/><\/p>\n","protected":false},"author":5,"featured_media":10401,"comment_status":"closed","ping_status":"closed","template":"","tags":[],"categoria_noticias":[],"class_list":["post-19285","noticias","type-noticias","status-publish","has-post-thumbnail","hentry"],"acf":[],"mb":[],"mfb_rest_fields":["title","gutenberg_elementor_mode"],"_links":{"self":[{"href":"https:\/\/portal.fgeo.gob.mx\/index.php\/wp-json\/wp\/v2\/noticias\/19285","targetHints":{"allow":["GET"]}}],"collection":[{"href":"https:\/\/portal.fgeo.gob.mx\/index.php\/wp-json\/wp\/v2\/noticias"}],"about":[{"href":"https:\/\/portal.fgeo.gob.mx\/index.php\/wp-json\/wp\/v2\/types\/noticias"}],"author":[{"embeddable":true,"href":"https:\/\/portal.fgeo.gob.mx\/index.php\/wp-json\/wp\/v2\/users\/5"}],"replies":[{"embeddable":true,"href":"https:\/\/portal.fgeo.gob.mx\/index.php\/wp-json\/wp\/v2\/comments?post=19285"}],"wp:featuredmedia":[{"embeddable":true,"href":"https:\/\/portal.fgeo.gob.mx\/index.php\/wp-json\/"}],"wp:attachment":[{"href":"https:\/\/portal.fgeo.gob.mx\/index.php\/wp-json\/wp\/v2\/media?parent=19285"}],"wp:term":[{"taxonomy":"post_tag","embeddable":true,"href":"https:\/\/portal.fgeo.gob.mx\/index.php\/wp-json\/wp\/v2\/tags?post=19285"},{"taxonomy":"categoria_noticias","embeddable":true,"href":"https:\/\/portal.fgeo.gob.mx\/index.php\/wp-json\/wp\/v2\/categoria_noticias?post=19285"}],"curies":[{"name":"wp","href":"https:\/\/api.w.org\/{rel}","templated":true}]}}