{"id":19281,"date":"2025-10-15T11:36:26","date_gmt":"2025-10-15T17:36:26","guid":{"rendered":"https:\/\/fge.oaxaca.gob.mx\/?post_type=noticias&amp;p=10416"},"modified":"2025-10-15T11:36:26","modified_gmt":"2025-10-15T17:36:26","slug":"boletin-1833-fiscalia-de-oaxaca-detiene-a-una-persona-e-identifica-a-responsables-por-homicidio-y-abandono-del-cuerpo-de-la-victima-en-calles-de-la-colonia-jardin","status":"publish","type":"noticias","link":"https:\/\/portal.fgeo.gob.mx\/index.php\/archivos\/noticias\/boletin-1833-fiscalia-de-oaxaca-detiene-a-una-persona-e-identifica-a-responsables-por-homicidio-y-abandono-del-cuerpo-de-la-victima-en-calles-de-la-colonia-jardin","title":{"rendered":"BOLET\u00cdN 1,833.- Fiscal\u00eda de Oaxaca detiene a una persona e identifica a responsables por homicidio y abandono del cuerpo de la v\u00edctima en calles de la Colonia Jard\u00edn"},"content":{"rendered":"<p>&nbsp;<\/p>\n<p><strong>Oaxaca de Ju\u00e1rez, Oax., a 15 de octubre de 2025.-<\/strong>La Fiscal\u00eda General del Estado de Oaxaca (FGEO) realiz\u00f3 la detenci\u00f3n de una persona relacionada con el homicidio de una persona cuyo cuerpo fue localizado en calles de la Colonia Jard\u00edn de la capital, adem\u00e1s de identificar a los dem\u00e1s responsables y establecer el m\u00f3vil de este delito.<\/p>\n<p>De acuerdo con los trabajos llevados a cabo por la FGEO, a trav\u00e9s de la Fiscal\u00eda Especializada para la Atenci\u00f3n a Delitos de Alto Impacto, fue posible establecer que, adem\u00e1s de la persona detenida, son al menos otros tres los responsables (dos hombres y una mujer).<\/p>\n<p>La v\u00edctima, una persona del sexo masculino identificado como S.N.O., tuvo problemas interpersonales con los agresores con quienes habr\u00eda sostenido una discusi\u00f3n que deriv\u00f3 en un ataque en el que lo golpearon para luego envolver el cuerpo con diferentes materiales, el cual tuvieron resguardado en un domicilio durante unos d\u00edas.<\/p>\n<p>Posteriormente, los responsables tomaron el cuerpo de la v\u00edctima y lo trasladaron a un par de cuadras del domicilio donde lo ten\u00edan para despu\u00e9s abandonarlo en la calle de Colorines, en la Colonia Jard\u00edn, sitio en el que lo localizaron el 14 de octubre de 2025.<\/p>\n<p>Los trabajos de investigaci\u00f3n de la Fiscal\u00eda de Oaxaca revelaron la localizaci\u00f3n del domicilio donde habr\u00edan cometido el homicidio, mismo en el que resguardaron el cuerpo, adem\u00e1s de identificar a los responsables, que cuentan con antecedentes por su relaci\u00f3n con diferentes delitos.<\/p>\n<p><img fetchpriority=\"high\" decoding=\"async\" class=\"alignnone size-medium wp-image-10417\" src=\"https:\/\/fge.oaxaca.gob.mx\/wp-content\/uploads\/2025\/10\/544792867_1247239104109444_9159744727998263258_n-300x200.jpg\" alt=\"\" width=\"300\" height=\"200\" \/><\/p>\n","protected":false},"author":5,"featured_media":10401,"comment_status":"closed","ping_status":"closed","template":"","tags":[],"categoria_noticias":[],"class_list":["post-19281","noticias","type-noticias","status-publish","has-post-thumbnail","hentry"],"acf":[],"mb":[],"mfb_rest_fields":["title","gutenberg_elementor_mode"],"_links":{"self":[{"href":"https:\/\/portal.fgeo.gob.mx\/index.php\/wp-json\/wp\/v2\/noticias\/19281","targetHints":{"allow":["GET"]}}],"collection":[{"href":"https:\/\/portal.fgeo.gob.mx\/index.php\/wp-json\/wp\/v2\/noticias"}],"about":[{"href":"https:\/\/portal.fgeo.gob.mx\/index.php\/wp-json\/wp\/v2\/types\/noticias"}],"author":[{"embeddable":true,"href":"https:\/\/portal.fgeo.gob.mx\/index.php\/wp-json\/wp\/v2\/users\/5"}],"replies":[{"embeddable":true,"href":"https:\/\/portal.fgeo.gob.mx\/index.php\/wp-json\/wp\/v2\/comments?post=19281"}],"wp:featuredmedia":[{"embeddable":true,"href":"https:\/\/portal.fgeo.gob.mx\/index.php\/wp-json\/"}],"wp:attachment":[{"href":"https:\/\/portal.fgeo.gob.mx\/index.php\/wp-json\/wp\/v2\/media?parent=19281"}],"wp:term":[{"taxonomy":"post_tag","embeddable":true,"href":"https:\/\/portal.fgeo.gob.mx\/index.php\/wp-json\/wp\/v2\/tags?post=19281"},{"taxonomy":"categoria_noticias","embeddable":true,"href":"https:\/\/portal.fgeo.gob.mx\/index.php\/wp-json\/wp\/v2\/categoria_noticias?post=19281"}],"curies":[{"name":"wp","href":"https:\/\/api.w.org\/{rel}","templated":true}]}}