{"id":19279,"date":"2025-10-14T13:25:31","date_gmt":"2025-10-14T19:25:31","guid":{"rendered":"https:\/\/fge.oaxaca.gob.mx\/?post_type=noticias&amp;p=10409"},"modified":"2025-10-14T13:25:31","modified_gmt":"2025-10-14T19:25:31","slug":"boletin-1830-fiscalia-de-oaxaca-inicia-carpeta-de-investigacion-e-identifica-a-responsables-de-agresion-a-policia-vial-municipal-de-san-antonio-de-la-cal","status":"publish","type":"noticias","link":"https:\/\/portal.fgeo.gob.mx\/index.php\/archivos\/noticias\/boletin-1830-fiscalia-de-oaxaca-inicia-carpeta-de-investigacion-e-identifica-a-responsables-de-agresion-a-policia-vial-municipal-de-san-antonio-de-la-cal","title":{"rendered":"BOLET\u00cdN 1,830.- Fiscal\u00eda de Oaxaca inicia carpeta de investigaci\u00f3n e identifica a responsables de agresi\u00f3n a Polic\u00eda Vial Municipal de San Antonio de la Cal"},"content":{"rendered":"<p><strong>Oaxaca de Ju\u00e1rez, Oax., a 14 de octubre de 2025.-<\/strong> La Fiscal\u00eda General del Estado de Oaxaca (FGEO) inici\u00f3 la carpeta de investigaci\u00f3n 27369\/OAXACA\/2025 por la agresi\u00f3n cometida por un grupo de transportistas contra elementos de la Polic\u00eda Vial Municipal de San Antonio de la Cal, con el firme compromiso de aplicar la ley contra los responsables.<\/p>\n<p>&nbsp;<\/p>\n<p>Gracias al trabajo coordinado entre la Fiscal\u00eda de Oaxaca con la Polic\u00eda Estatal, as\u00ed como la polic\u00eda municipal, adem\u00e1s del apoyo estrat\u00e9gico del C-4 que dio seguimiento, por medio del circuito de c\u00e1maras de video, a la ruta de escape de los agresores, que ya est\u00e1n identificados.<\/p>\n<p>&nbsp;<\/p>\n<p>En tanto que la FGEO, a trav\u00e9s de la Vicefiscal\u00eda Regional de Valles Centrales que, gracias a los primeros datos de prueba recabados, ya cuenta con l\u00edneas de investigaci\u00f3n definidas para dar con los responsables.<\/p>\n<p>&nbsp;<\/p>\n<p>Como parte de los actos de investigaci\u00f3n, se estableci\u00f3 contacto con la Secretar\u00eda de Movilidad la colaboraci\u00f3n directa para la identificaci\u00f3n de los veh\u00edculos involucrados.<\/p>\n<p>&nbsp;<\/p>\n<p>Los hechos ocurrieron este martes, 14 de octubre de 2025, luego que la Polic\u00eda Vial de San Antonio de la Cal levant\u00f3 una infracci\u00f3n a un cami\u00f3n de volteo que infringi\u00f3 el reglamento de tr\u00e1nsito, momento en que arribaron personas a bordo de diferentes veh\u00edculos para agredir a los elementos que lograron el aseguramiento de uno de los autom\u00f3viles en que viajaban los agresores.<\/p>\n<p>&nbsp;<\/p>\n<p>La Fiscal\u00eda de Oaxaca realiza los trabajos legales de manera exhaustiva para dar con los responsables de la comisi\u00f3n de estas conductas delictivas para aplicar con rigor lo establecido en el C\u00f3digo Penal del Estado.<\/p>\n<p><img fetchpriority=\"high\" decoding=\"async\" class=\"alignnone size-medium wp-image-10410\" src=\"https:\/\/fge.oaxaca.gob.mx\/wp-content\/uploads\/2025\/10\/WhatsApp-Image-2025-10-14-at-1.21.58-PM-300x206.jpeg\" alt=\"\" width=\"300\" height=\"206\" \/> <img decoding=\"async\" class=\"alignnone size-medium wp-image-10411\" src=\"https:\/\/fge.oaxaca.gob.mx\/wp-content\/uploads\/2025\/10\/WhatsApp-Image-2025-10-14-at-1.16.21-PM-1-300x232.jpeg\" alt=\"\" width=\"300\" height=\"232\" \/><\/p>\n","protected":false},"author":5,"featured_media":10401,"comment_status":"closed","ping_status":"closed","template":"","tags":[],"categoria_noticias":[],"class_list":["post-19279","noticias","type-noticias","status-publish","has-post-thumbnail","hentry"],"acf":[],"mb":[],"mfb_rest_fields":["title","gutenberg_elementor_mode"],"_links":{"self":[{"href":"https:\/\/portal.fgeo.gob.mx\/index.php\/wp-json\/wp\/v2\/noticias\/19279","targetHints":{"allow":["GET"]}}],"collection":[{"href":"https:\/\/portal.fgeo.gob.mx\/index.php\/wp-json\/wp\/v2\/noticias"}],"about":[{"href":"https:\/\/portal.fgeo.gob.mx\/index.php\/wp-json\/wp\/v2\/types\/noticias"}],"author":[{"embeddable":true,"href":"https:\/\/portal.fgeo.gob.mx\/index.php\/wp-json\/wp\/v2\/users\/5"}],"replies":[{"embeddable":true,"href":"https:\/\/portal.fgeo.gob.mx\/index.php\/wp-json\/wp\/v2\/comments?post=19279"}],"wp:featuredmedia":[{"embeddable":true,"href":"https:\/\/portal.fgeo.gob.mx\/index.php\/wp-json\/"}],"wp:attachment":[{"href":"https:\/\/portal.fgeo.gob.mx\/index.php\/wp-json\/wp\/v2\/media?parent=19279"}],"wp:term":[{"taxonomy":"post_tag","embeddable":true,"href":"https:\/\/portal.fgeo.gob.mx\/index.php\/wp-json\/wp\/v2\/tags?post=19279"},{"taxonomy":"categoria_noticias","embeddable":true,"href":"https:\/\/portal.fgeo.gob.mx\/index.php\/wp-json\/wp\/v2\/categoria_noticias?post=19279"}],"curies":[{"name":"wp","href":"https:\/\/api.w.org\/{rel}","templated":true}]}}