{"id":19277,"date":"2025-10-13T20:30:21","date_gmt":"2025-10-14T02:30:21","guid":{"rendered":"https:\/\/fge.oaxaca.gob.mx\/?post_type=noticias&amp;p=10404"},"modified":"2025-10-13T20:30:21","modified_gmt":"2025-10-14T02:30:21","slug":"boletin-1827-policia-estatal-y-fiscalia-de-oaxaca-detienen-a-tres-personas-luego-de-altercado-en-simbolos-patrios","status":"publish","type":"noticias","link":"https:\/\/portal.fgeo.gob.mx\/index.php\/archivos\/noticias\/boletin-1827-policia-estatal-y-fiscalia-de-oaxaca-detienen-a-tres-personas-luego-de-altercado-en-simbolos-patrios","title":{"rendered":"BOLET\u00cdN 1,827.  Polic\u00eda Estatal y Fiscal\u00eda de Oaxaca detienen a tres personas luego de altercado en S\u00edmbolos Patrios"},"content":{"rendered":"<p><strong>Oaxaca de Ju\u00e1rez, Oax., a 13 de octubre de 2025.- \u00a0<\/strong>Gracias a la intervenci\u00f3n inmediata de la Polic\u00eda Estatal de la Secretar\u00eda de Seguridad y Protecci\u00f3n Ciudadana y la Fiscal\u00eda General del Estado de Oaxaca (FGEO) se logr\u00f3 la detenci\u00f3n de tres personas,\u00a0 derivado del enfrentamiento entre dos grupos de transportistas que sucedi\u00f3 la tarde de este lunes 13 de octubre de 2025, sobre la avenida S\u00edmbolos Patrios en la zona metropolitana.<\/p>\n<p>&nbsp;<\/p>\n<p>Adem\u00e1s de las tres personas detenidas se realiz\u00f3 el aseguramiento de un taxi , un mototaxi y una motocicleta, presuntamente involucradas en estos hechos.<\/p>\n<p>&nbsp;<\/p>\n<p>La Fiscal\u00eda General del Estado de Oaxaca y la Polic\u00eda Estatal desplegaron equipos de reacci\u00f3n inmediata para atender el evento y dar inicio a la carpeta de investigaci\u00f3n 27317 \/FVCE\/OAXACA\/2025, a cargo de la Vicefiscal\u00eda Regional de Valles Centrales, luego de tomar conocimiento de los hechos.<\/p>\n<p>&nbsp;<\/p>\n<p>El altercado ocurri\u00f3 despu\u00e9s de un percance vial en la zona en el que se habr\u00edan visto involucrados veh\u00edculos adheridos a organizaciones de transportistas.<\/p>\n<p>&nbsp;<\/p>\n<p>En tanto que los trabajos de investigaci\u00f3n se realizan de manera coordinada con las diferentes instancias que conforman el Mando Metropolitano para robustecer las investigaciones e identificar a los responsables.<\/p>\n<p>&nbsp;<\/p>\n<p><img fetchpriority=\"high\" decoding=\"async\" class=\" wp-image-10405 aligncenter\" src=\"https:\/\/fge.oaxaca.gob.mx\/wp-content\/uploads\/2025\/10\/IMAGEN-BOLET\u00cdN-1827-300x225.jpeg\" alt=\"\" width=\"443\" height=\"332\" \/><\/p>\n<p>&nbsp;<\/p>\n<p>&nbsp;<\/p>\n<p>&nbsp;<\/p>\n<p>&nbsp;<\/p>\n","protected":false},"author":5,"featured_media":10401,"comment_status":"closed","ping_status":"closed","template":"","tags":[],"categoria_noticias":[],"class_list":["post-19277","noticias","type-noticias","status-publish","has-post-thumbnail","hentry"],"acf":[],"mb":[],"mfb_rest_fields":["title","gutenberg_elementor_mode"],"_links":{"self":[{"href":"https:\/\/portal.fgeo.gob.mx\/index.php\/wp-json\/wp\/v2\/noticias\/19277","targetHints":{"allow":["GET"]}}],"collection":[{"href":"https:\/\/portal.fgeo.gob.mx\/index.php\/wp-json\/wp\/v2\/noticias"}],"about":[{"href":"https:\/\/portal.fgeo.gob.mx\/index.php\/wp-json\/wp\/v2\/types\/noticias"}],"author":[{"embeddable":true,"href":"https:\/\/portal.fgeo.gob.mx\/index.php\/wp-json\/wp\/v2\/users\/5"}],"replies":[{"embeddable":true,"href":"https:\/\/portal.fgeo.gob.mx\/index.php\/wp-json\/wp\/v2\/comments?post=19277"}],"wp:featuredmedia":[{"embeddable":true,"href":"https:\/\/portal.fgeo.gob.mx\/index.php\/wp-json\/"}],"wp:attachment":[{"href":"https:\/\/portal.fgeo.gob.mx\/index.php\/wp-json\/wp\/v2\/media?parent=19277"}],"wp:term":[{"taxonomy":"post_tag","embeddable":true,"href":"https:\/\/portal.fgeo.gob.mx\/index.php\/wp-json\/wp\/v2\/tags?post=19277"},{"taxonomy":"categoria_noticias","embeddable":true,"href":"https:\/\/portal.fgeo.gob.mx\/index.php\/wp-json\/wp\/v2\/categoria_noticias?post=19277"}],"curies":[{"name":"wp","href":"https:\/\/api.w.org\/{rel}","templated":true}]}}