{"id":19273,"date":"2025-10-13T15:00:08","date_gmt":"2025-10-13T21:00:08","guid":{"rendered":"https:\/\/fge.oaxaca.gob.mx\/?post_type=noticias&amp;p=10381"},"modified":"2025-10-13T15:00:08","modified_gmt":"2025-10-13T21:00:08","slug":"boletin-1824-en-acciones-coordinadas-contra-la-violencia-familiar-la-fiscalia-de-oaxaca-vincula-a-proceso-a-una-persona-y-logra-la-detencion-de-dos-mas","status":"publish","type":"noticias","link":"https:\/\/portal.fgeo.gob.mx\/index.php\/archivos\/noticias\/boletin-1824-en-acciones-coordinadas-contra-la-violencia-familiar-la-fiscalia-de-oaxaca-vincula-a-proceso-a-una-persona-y-logra-la-detencion-de-dos-mas","title":{"rendered":"BOLET\u00cdN 1,824.- En acciones coordinadas contra la violencia familiar, la Fiscal\u00eda de Oaxaca vincula a proceso a una persona y logra la detenci\u00f3n de dos m\u00e1s"},"content":{"rendered":"<p>&nbsp;<\/p>\n<p><strong>Oaxaca de Ju\u00e1rez, Oax., a 13 de octubre de 2025.-<\/strong> En acciones coordinadas en combate a delitos contra ni\u00f1as, ni\u00f1os, adolescentes y mujeres, la Fiscal\u00eda General del Estado de Oaxaca (FGEO) obtuvo una vinculaci\u00f3n a proceso en contra de un hombre identificado como E.M.G., asimismo, dio cumplimiento a dos \u00f3rdenes de aprehensi\u00f3n en contra de J.B.C.C. y P.R.P., por el delito de violencia familiar y desobediencia a particulares, ocurrida en diferentes regiones del estado.<\/p>\n<p>&nbsp;<\/p>\n<p>Conforme a lo establecido en el expediente penal, en el caso de E.M.G. se obtuvo la vinculaci\u00f3n a proceso gracias a la investigaci\u00f3n ministerial y empleos de protocolos con perspectiva de g\u00e9nero de la Vicefiscal\u00eda General de Control Regional por hechos ocurridos el 11 de julio de 2024 y 19 de enero de 2025, fechas en que la v\u00edctima L.G.G., era agredida verbal y f\u00edsicamente al interior de un domicilio ubicado en el Barrio La Laguna de la localidad La Toma de Mazatl\u00e1n Villa de Flores en la Sierra de Flores Mag\u00f3n.<\/p>\n<p>&nbsp;<\/p>\n<p>Derivado de los datos de prueba, el Juez de la causa dict\u00f3 vinculaci\u00f3n a proceso por el delito de violencia familiar e impuso la medida cautelar de prisi\u00f3n preventiva otorgando un mes para el cierre de la Investigaci\u00f3n complementaria.<\/p>\n<p>&nbsp;<\/p>\n<p>Respecto a las dos aprehensiones efectuadas por Agentes Estatales de Investigaci\u00f3n (AEI), una de estas se ejecut\u00f3 en Puerto Escondido jurisdicci\u00f3n de San Pedro Mixtepec en la regi\u00f3n de la Costa, mientras que la otra se llev\u00f3 a cabo en Huautla de Jim\u00e9nez en la Sierra de Flores Mag\u00f3n.<\/p>\n<p>&nbsp;<\/p>\n<p><strong>DETENIDO EN PUERTO ESCONDIDO<\/strong><\/p>\n<p>&nbsp;<\/p>\n<p>En el caso de Puerto Escondido, el mandato judicial en contra de P.R.P., deriv\u00f3 de investigaciones ministeriales hechas por la Vicefiscal\u00eda Regional de la Costa que recab\u00f3 pruebas contundentes contra el agresor por el delito de violencia familiar.<\/p>\n<p>&nbsp;<\/p>\n<p><strong>POR AGRESI\u00d3N A SU MADRE<\/strong><\/p>\n<p>&nbsp;<\/p>\n<p>La segunda orden de aprehensi\u00f3n se ejecut\u00f3 en contra de J.B.C.C., por hechos registrados el 10 de abril de 2022 y 22 de junio de 2025, en un domicilio ubicado en la calle Francisco I Madero del Barrio de La Cruz perteneciente a Huautla de Jim\u00e9nez, en el que una mujer identificada como V.C.C., madre del hoy detenido, era agredida de manera violenta y constante y, adem\u00e1s amenazada de muerte por el mismo agresor.<\/p>\n<p>&nbsp;<\/p>\n<p>Una vez que la FGEO tom\u00f3 conocimiento del caso a trav\u00e9s de la Vicefiscal\u00eda General de Control Regional logr\u00f3 aprehender a J.B.C.C., quien de acuerdo a las investigaciones ya acumulaba otras carpetas de investigaci\u00f3n por el mismo delito de violencia familiar, por lo que fue detenido y puesto a disposici\u00f3n de la autoridad competente para su certificaci\u00f3n y su debido proceso legal.<\/p>\n<p>&nbsp;<\/p>\n<p>La Fiscal\u00eda de Oaxaca prioriza las investigaciones relacionadas con delitos cometidos contra mujeres, para presentar ante la justicia a los responsables a fin de garantizar el derecho a una vida libre de violencia.<\/p>\n<p>&nbsp;<\/p>\n<p><img fetchpriority=\"high\" decoding=\"async\" class=\"alignnone size-medium wp-image-10382\" src=\"https:\/\/fge.oaxaca.gob.mx\/wp-content\/uploads\/2025\/10\/WhatsApp-Image-2025-09-25-at-11.57.30-PM-300x178.jpeg\" alt=\"\" width=\"300\" height=\"178\" \/> <img decoding=\"async\" class=\"alignnone size-medium wp-image-10383\" src=\"https:\/\/fge.oaxaca.gob.mx\/wp-content\/uploads\/2025\/10\/WhatsApp-Image-2025-09-25-at-11.57.29-PM-300x118.jpeg\" alt=\"\" width=\"300\" height=\"118\" \/><\/p>\n","protected":false},"author":5,"featured_media":10349,"comment_status":"closed","ping_status":"closed","template":"","tags":[],"categoria_noticias":[],"class_list":["post-19273","noticias","type-noticias","status-publish","has-post-thumbnail","hentry"],"acf":[],"mb":[],"mfb_rest_fields":["title","gutenberg_elementor_mode"],"_links":{"self":[{"href":"https:\/\/portal.fgeo.gob.mx\/index.php\/wp-json\/wp\/v2\/noticias\/19273","targetHints":{"allow":["GET"]}}],"collection":[{"href":"https:\/\/portal.fgeo.gob.mx\/index.php\/wp-json\/wp\/v2\/noticias"}],"about":[{"href":"https:\/\/portal.fgeo.gob.mx\/index.php\/wp-json\/wp\/v2\/types\/noticias"}],"author":[{"embeddable":true,"href":"https:\/\/portal.fgeo.gob.mx\/index.php\/wp-json\/wp\/v2\/users\/5"}],"replies":[{"embeddable":true,"href":"https:\/\/portal.fgeo.gob.mx\/index.php\/wp-json\/wp\/v2\/comments?post=19273"}],"wp:featuredmedia":[{"embeddable":true,"href":"https:\/\/portal.fgeo.gob.mx\/index.php\/wp-json\/"}],"wp:attachment":[{"href":"https:\/\/portal.fgeo.gob.mx\/index.php\/wp-json\/wp\/v2\/media?parent=19273"}],"wp:term":[{"taxonomy":"post_tag","embeddable":true,"href":"https:\/\/portal.fgeo.gob.mx\/index.php\/wp-json\/wp\/v2\/tags?post=19273"},{"taxonomy":"categoria_noticias","embeddable":true,"href":"https:\/\/portal.fgeo.gob.mx\/index.php\/wp-json\/wp\/v2\/categoria_noticias?post=19273"}],"curies":[{"name":"wp","href":"https:\/\/api.w.org\/{rel}","templated":true}]}}