{"id":19272,"date":"2025-10-13T12:00:43","date_gmt":"2025-10-13T18:00:43","guid":{"rendered":"https:\/\/fge.oaxaca.gob.mx\/?post_type=noticias&amp;p=10378"},"modified":"2025-10-13T12:00:43","modified_gmt":"2025-10-13T18:00:43","slug":"boletin-1823-obtiene-fgeo-formal-prision-contra-imputado-por-violacion-y-abuso-sexual-de-una-nina-de-seis-anos-hechos-ocurridos-en-santa-rosa-en-la-capital-de-oaxaca","status":"publish","type":"noticias","link":"https:\/\/portal.fgeo.gob.mx\/index.php\/archivos\/noticias\/boletin-1823-obtiene-fgeo-formal-prision-contra-imputado-por-violacion-y-abuso-sexual-de-una-nina-de-seis-anos-hechos-ocurridos-en-santa-rosa-en-la-capital-de-oaxaca","title":{"rendered":"BOLET\u00cdN 1,823.- Obtiene FGEO formal prisi\u00f3n contra imputado por violaci\u00f3n y abuso sexual de una ni\u00f1a de seis a\u00f1os, hechos ocurridos en Santa Rosa, en la capital de Oaxaca"},"content":{"rendered":"<p>&nbsp;<\/p>\n<p><strong>Oaxaca de Ju\u00e1rez, Oax., a 13 de octubre de 2025.-<\/strong> Como parte de la estrategia de combate a los delitos cometidos en contra de ni\u00f1as, ni\u00f1os, adolescentes y mujeres, la Fiscal\u00eda General del Estado de Oaxaca (FGEO) obtuvo auto de formal prisi\u00f3n en contra de una persona del sexo masculino identificada como A.D.G.N., imputado por el delito de violaci\u00f3n equiparada y abuso sexual infantil en agravio de una menor de edad, en la regi\u00f3n de los Valles Centrales.<\/p>\n<p>De acuerdo con el expediente penal del caso, la v\u00edctima (que en ese tiempo contaba con seis a\u00f1os de edad y cuya identidad est\u00e1 reservada por ley) fue agredida de manera sexual en diferentes ocasiones, entre los meses de enero y febrero de 2016.<\/p>\n<p>Los hechos ocurrieron en un domicilio ubicado en la calle Jos\u00e9 Mar\u00eda Morelos de la colonia Solidaridad perteneciente a la agencia de Santa Rosa Panzacola, en el municipio de Oaxaca de Ju\u00e1rez, donde el agresor rentaba un cuarto en la parte de abajo de donde viv\u00eda la v\u00edctima.<\/p>\n<p>Las indagatorias revelan que, el agresor llevaba contra su voluntad a la menor de edad a su cuarto para consumar la agresi\u00f3n y amenazarla para que no lo denunciara.<\/p>\n<p>Una vez que la FGEO tom\u00f3 conocimiento del caso a trav\u00e9s de la denuncia penal interpuesta por un familiar, inici\u00f3 las investigaciones correspondientes y con perspectiva de infancia a trav\u00e9s de la Vicefiscal\u00eda General de Control Regional, las cuales permitieron obtener una orden de aprehensi\u00f3n contra el imputado, una vez localizado fue aprehendido por Agentes Estatales de investigaciones que lo pusieron a disposici\u00f3n de las autoridades.<\/p>\n<p>Derivado de esta acci\u00f3n policial, el responsable qued\u00f3 a disposici\u00f3n del Ministerio P\u00fablico que se encarg\u00f3 de realizar las investigaciones en torno al caso, obteniendo las pruebas necesarias que present\u00f3 ante el Juez que atiende la causa, quien luego de evaluarlas dict\u00f3 auto de formal prisi\u00f3n en contra de A.D.G.N., por el delito de violaci\u00f3n equiparada y abuso sexual infantil.<\/p>\n<p>La Fiscal\u00eda de Oaxaca tiene entre sus ejes rectores garantizar una vida libre de violencia para ni\u00f1as, ni\u00f1os y adolescentes, a trav\u00e9s de los mecanismos de procuraci\u00f3n de justicia que est\u00e1n a cargo de \u00e1reas especializadas y bien capacitadas para este tipo de labores.<\/p>\n<p><img fetchpriority=\"high\" decoding=\"async\" class=\"size-medium wp-image-10379\" src=\"https:\/\/fge.oaxaca.gob.mx\/wp-content\/uploads\/2025\/10\/Dise\u00f1o-sin-t\u00edtulo-16-246x300.jpg\" alt=\"\" width=\"246\" height=\"300\" \/><\/p>\n","protected":false},"author":5,"featured_media":10349,"comment_status":"closed","ping_status":"closed","template":"","tags":[],"categoria_noticias":[],"class_list":["post-19272","noticias","type-noticias","status-publish","has-post-thumbnail","hentry"],"acf":[],"mb":[],"mfb_rest_fields":["title","gutenberg_elementor_mode"],"_links":{"self":[{"href":"https:\/\/portal.fgeo.gob.mx\/index.php\/wp-json\/wp\/v2\/noticias\/19272","targetHints":{"allow":["GET"]}}],"collection":[{"href":"https:\/\/portal.fgeo.gob.mx\/index.php\/wp-json\/wp\/v2\/noticias"}],"about":[{"href":"https:\/\/portal.fgeo.gob.mx\/index.php\/wp-json\/wp\/v2\/types\/noticias"}],"author":[{"embeddable":true,"href":"https:\/\/portal.fgeo.gob.mx\/index.php\/wp-json\/wp\/v2\/users\/5"}],"replies":[{"embeddable":true,"href":"https:\/\/portal.fgeo.gob.mx\/index.php\/wp-json\/wp\/v2\/comments?post=19272"}],"wp:featuredmedia":[{"embeddable":true,"href":"https:\/\/portal.fgeo.gob.mx\/index.php\/wp-json\/"}],"wp:attachment":[{"href":"https:\/\/portal.fgeo.gob.mx\/index.php\/wp-json\/wp\/v2\/media?parent=19272"}],"wp:term":[{"taxonomy":"post_tag","embeddable":true,"href":"https:\/\/portal.fgeo.gob.mx\/index.php\/wp-json\/wp\/v2\/tags?post=19272"},{"taxonomy":"categoria_noticias","embeddable":true,"href":"https:\/\/portal.fgeo.gob.mx\/index.php\/wp-json\/wp\/v2\/categoria_noticias?post=19272"}],"curies":[{"name":"wp","href":"https:\/\/api.w.org\/{rel}","templated":true}]}}