{"id":19270,"date":"2025-10-11T17:00:04","date_gmt":"2025-10-11T23:00:04","guid":{"rendered":"https:\/\/fge.oaxaca.gob.mx\/?post_type=noticias&amp;p=10369"},"modified":"2025-10-11T17:00:04","modified_gmt":"2025-10-11T23:00:04","slug":"boletin-1820-ejecutan-segunda-orden-de-aprehension-por-homicidio-contra-r-m-s-alias-el-balatas-detenido-gracias-a-operacion-sable-fiscalia-de-oaxaca","status":"publish","type":"noticias","link":"https:\/\/portal.fgeo.gob.mx\/index.php\/archivos\/noticias\/boletin-1820-ejecutan-segunda-orden-de-aprehension-por-homicidio-contra-r-m-s-alias-el-balatas-detenido-gracias-a-operacion-sable-fiscalia-de-oaxaca","title":{"rendered":"BOLET\u00cdN 1,820.- Ejecutan segunda orden de aprehensi\u00f3n por homicidio contra R. M. S., alias \u201cEl Balatas\u201d, detenido gracias a Operaci\u00f3n Sable: Fiscal\u00eda de Oaxaca"},"content":{"rendered":"<p>&nbsp;<\/p>\n<p><strong>Oaxaca de Ju\u00e1rez, Oax., a 11 de octubre de 2025.-<\/strong> La Fiscal\u00eda General del Estado de Oaxaca (FGEO) ejecut\u00f3 una segunda orden de aprehensi\u00f3n en contra de R. M. S., alias \u201cEl Balatas\u201d, esta vez por homicidio calificado luego de abandonar el cuerpo de la v\u00edctima en un basurero, hechos ocurridos en la regi\u00f3n del Istmo de Tehuantepec.<\/p>\n<p><img decoding=\"async\" class=\"alignnone size-medium wp-image-10372\" src=\"https:\/\/fge.oaxaca.gob.mx\/wp-content\/uploads\/2025\/10\/WhatsApp-Image-2025-09-19-at-1.01.05-PM-300x116.jpeg\" alt=\"\" width=\"300\" height=\"116\" \/><\/p>\n<p>&nbsp;<\/p>\n<p>La detenci\u00f3n se realiz\u00f3 derivado de las acciones por la Operaci\u00f3n Sable; de acuerdo con la carpeta de investigaci\u00f3n, los hechos ocurrieron el 10 de abril de 2024, cuando el cuerpo sin vida de la v\u00edctima fue abandonado en el basurero de La Ventosa, en Juchit\u00e1n de Zaragoza.<\/p>\n<p>&nbsp;<\/p>\n<p>Derivado de estos hechos, se iniciaron las investigaciones correspondientes que quedaron a cargo de la Vicefiscal\u00eda Regional del Istmo, la cual present\u00f3 las evidencias suficientes que permitieron la obtenci\u00f3n de la orden de aprehensi\u00f3n.<\/p>\n<p>&nbsp;<\/p>\n<p>Gracias al cumplimiento de esta orden judicial, R.M.S., alias el \u201cEl Balatas\u201d, qued\u00f3 a disposici\u00f3n de la autoridad correspondiente para que se determine su situaci\u00f3n jur\u00eddica.<\/p>\n<p>&nbsp;<\/p>\n<p>Cabe mencionar que, en 2024, la FGEO logr\u00f3 ejecutar la primera orden de aprehensi\u00f3n y posterior vinculaci\u00f3n a proceso de R. M. S., alias \u201cEl Balatas\u201d, por un diferente caso de homicidio calificado con ventaja, en hechos que sucedieron el 8 de febrero de 2024.<\/p>\n<p>&nbsp;<\/p>\n<p>La Fiscal\u00eda General del Estado de Oaxaca refrenda su compromiso con la sociedad de perseguir y sancionar los delitos de alto impacto, esto con el objetivo de garantizar un adecuado acceso a la procuraci\u00f3n de justicia y presentar ante la ley a quien o quienes resulten responsables de este delito.<\/p>\n","protected":false},"author":5,"featured_media":10349,"comment_status":"closed","ping_status":"closed","template":"","tags":[],"categoria_noticias":[],"class_list":["post-19270","noticias","type-noticias","status-publish","has-post-thumbnail","hentry"],"acf":[],"mb":[],"mfb_rest_fields":["title","gutenberg_elementor_mode"],"_links":{"self":[{"href":"https:\/\/portal.fgeo.gob.mx\/index.php\/wp-json\/wp\/v2\/noticias\/19270","targetHints":{"allow":["GET"]}}],"collection":[{"href":"https:\/\/portal.fgeo.gob.mx\/index.php\/wp-json\/wp\/v2\/noticias"}],"about":[{"href":"https:\/\/portal.fgeo.gob.mx\/index.php\/wp-json\/wp\/v2\/types\/noticias"}],"author":[{"embeddable":true,"href":"https:\/\/portal.fgeo.gob.mx\/index.php\/wp-json\/wp\/v2\/users\/5"}],"replies":[{"embeddable":true,"href":"https:\/\/portal.fgeo.gob.mx\/index.php\/wp-json\/wp\/v2\/comments?post=19270"}],"wp:featuredmedia":[{"embeddable":true,"href":"https:\/\/portal.fgeo.gob.mx\/index.php\/wp-json\/"}],"wp:attachment":[{"href":"https:\/\/portal.fgeo.gob.mx\/index.php\/wp-json\/wp\/v2\/media?parent=19270"}],"wp:term":[{"taxonomy":"post_tag","embeddable":true,"href":"https:\/\/portal.fgeo.gob.mx\/index.php\/wp-json\/wp\/v2\/tags?post=19270"},{"taxonomy":"categoria_noticias","embeddable":true,"href":"https:\/\/portal.fgeo.gob.mx\/index.php\/wp-json\/wp\/v2\/categoria_noticias?post=19270"}],"curies":[{"name":"wp","href":"https:\/\/api.w.org\/{rel}","templated":true}]}}