{"id":19269,"date":"2025-10-10T18:05:56","date_gmt":"2025-10-11T00:05:56","guid":{"rendered":"https:\/\/fge.oaxaca.gob.mx\/?post_type=noticias&amp;p=10368"},"modified":"2025-10-10T18:05:56","modified_gmt":"2025-10-11T00:05:56","slug":"boletin-1819-obtiene-fgeo-vinculacion-a-proceso-y-prision-contra-imputado-que-asalto-con-violencia-una-carniceria-en-pueblo-nuevo-oaxaca","status":"publish","type":"noticias","link":"https:\/\/portal.fgeo.gob.mx\/index.php\/archivos\/noticias\/boletin-1819-obtiene-fgeo-vinculacion-a-proceso-y-prision-contra-imputado-que-asalto-con-violencia-una-carniceria-en-pueblo-nuevo-oaxaca","title":{"rendered":"BOLET\u00cdN 1,819.-Obtiene FGEO vinculaci\u00f3n a proceso y prisi\u00f3n contra imputado que asalt\u00f3 con violencia una carnicer\u00eda en Pueblo Nuevo, Oaxaca"},"content":{"rendered":"<p>&nbsp;<\/p>\n<p><strong>Oaxaca de Ju\u00e1rez, Oax., a 10 de octubre de 2025.-<\/strong> La Fiscal\u00eda General del Estado de Oaxaca (FGEO) obtuvo auto de Vinculaci\u00f3n a Proceso y prisi\u00f3n preventiva contra una persona identificada como F.M.V., imputado por el delito de robo calificado con violencia moral a las personas cometido en perjuicio de la empresa Carnes Selectas &#8220;El Torito&#8221; ubicada en jurisdicci\u00f3n de Oaxaca de Ju\u00e1rez.<\/p>\n<p>&nbsp;<\/p>\n<p>De acuerdo con el expediente penal del caso, los hechos que se le imputan ocurrieron el 27 de noviembre del 2020, cuando las v\u00edctimas se encontraban laborando en su centro de trabajo ubicado en la carretera a Viguera jurisdicci\u00f3n de Pueblo Nuevo agencia municipal de Oaxaca de Ju\u00e1rez, lugar a donde lleg\u00f3 una persona con un arma de fuego quien los amenaz\u00f3 para luego despojarlos de sus pertenencias y de dinero en efectivo.<\/p>\n<p>&nbsp;<\/p>\n<p>Ante estos hechos, la Vicefiscal\u00eda Regional de Valles Centrales atrajo el caso e inici\u00f3 las investigaciones, las cuales permitieron obtener una orden de aprehensi\u00f3n en contra de F.M.V., quien fue detenido y presentado ante el Juez.<\/p>\n<p>&nbsp;<\/p>\n<p>Una vez analizadas las pruebas aportadas por la FGEO, el juez de la causa dict\u00f3 auto de vinculaci\u00f3n a proceso e impuso la prisi\u00f3n preventiva justificada como medida cautelar definitiva y concedi\u00f3 el plazo de un mes y quince d\u00edas para el cierre de la investigaci\u00f3n complementaria.<\/p>\n<p>&nbsp;<\/p>\n<p>La Fiscal\u00eda de Oaxaca realiza trabajos para combatir la comisi\u00f3n de delitos que afectan el patrimonio de la poblaci\u00f3n en distintas regiones de la entidad, con el objetivo de garantizar un adecuado acceso a la procuraci\u00f3n de justicia.<\/p>\n","protected":false},"author":5,"featured_media":10349,"comment_status":"closed","ping_status":"closed","template":"","tags":[],"categoria_noticias":[],"class_list":["post-19269","noticias","type-noticias","status-publish","has-post-thumbnail","hentry"],"acf":[],"mb":[],"mfb_rest_fields":["title","gutenberg_elementor_mode"],"_links":{"self":[{"href":"https:\/\/portal.fgeo.gob.mx\/index.php\/wp-json\/wp\/v2\/noticias\/19269","targetHints":{"allow":["GET"]}}],"collection":[{"href":"https:\/\/portal.fgeo.gob.mx\/index.php\/wp-json\/wp\/v2\/noticias"}],"about":[{"href":"https:\/\/portal.fgeo.gob.mx\/index.php\/wp-json\/wp\/v2\/types\/noticias"}],"author":[{"embeddable":true,"href":"https:\/\/portal.fgeo.gob.mx\/index.php\/wp-json\/wp\/v2\/users\/5"}],"replies":[{"embeddable":true,"href":"https:\/\/portal.fgeo.gob.mx\/index.php\/wp-json\/wp\/v2\/comments?post=19269"}],"wp:featuredmedia":[{"embeddable":true,"href":"https:\/\/portal.fgeo.gob.mx\/index.php\/wp-json\/"}],"wp:attachment":[{"href":"https:\/\/portal.fgeo.gob.mx\/index.php\/wp-json\/wp\/v2\/media?parent=19269"}],"wp:term":[{"taxonomy":"post_tag","embeddable":true,"href":"https:\/\/portal.fgeo.gob.mx\/index.php\/wp-json\/wp\/v2\/tags?post=19269"},{"taxonomy":"categoria_noticias","embeddable":true,"href":"https:\/\/portal.fgeo.gob.mx\/index.php\/wp-json\/wp\/v2\/categoria_noticias?post=19269"}],"curies":[{"name":"wp","href":"https:\/\/api.w.org\/{rel}","templated":true}]}}