{"id":19266,"date":"2025-10-10T09:46:05","date_gmt":"2025-10-10T15:46:05","guid":{"rendered":"https:\/\/fge.oaxaca.gob.mx\/?post_type=noticias&amp;p=10362"},"modified":"2025-10-10T09:46:05","modified_gmt":"2025-10-10T15:46:05","slug":"boletin-1816-mando-metropolitano-detiene-y-presenta-ante-fiscalia-de-oaxaca-a-una-persona-que-estaria-relacionada-con-ola-de-cristalazos-cometidos-en-centro-historico-de-la-capita","status":"publish","type":"noticias","link":"https:\/\/portal.fgeo.gob.mx\/index.php\/archivos\/noticias\/boletin-1816-mando-metropolitano-detiene-y-presenta-ante-fiscalia-de-oaxaca-a-una-persona-que-estaria-relacionada-con-ola-de-cristalazos-cometidos-en-centro-historico-de-la-capita","title":{"rendered":"BOLET\u00cdN 1,816.- Mando Metropolitano detiene y presenta ante Fiscal\u00eda de Oaxaca a una persona que estar\u00eda relacionada con ola de \u201ccristalazos\u201d cometidos en Centro Hist\u00f3rico de la capital"},"content":{"rendered":"<p>&nbsp;<\/p>\n<p><strong>Oaxaca de Ju\u00e1rez, Oax., a 10 de octubre de 2025.-<\/strong> Derivado de los operativos de seguridad implementados a trav\u00e9s del Mando de Coordinaci\u00f3n de Seguridad Metropolitana en la ciudad de Oaxaca de Ju\u00e1rez, se logr\u00f3 la detenci\u00f3n de una persona del sexo masculino identificado como O.M.L., por el delito Contra la salud en su modalidad de narcomenudeo, adem\u00e1s de que se indaga su probable relaci\u00f3n con ola de \u201ccristalazos\u201d cometidos en la capital oaxaque\u00f1a.<\/p>\n<p>De acuerdo con la carpeta de investigaci\u00f3n, O.M.L. fue detenido en calles del centro de la ciudad de Oaxaca, durante un operativo de vigilancia y disuasi\u00f3n coordinado por el Mando de Coordinaci\u00f3n de Seguridad Metropolitana, en el que participan la Polic\u00eda Municipal capitalina junto con la Fiscal\u00eda General del Estado de Oaxaca (FGEO), a trav\u00e9s de la Agencia Estatal de Investigaciones (AEI), as\u00ed como la Secretar\u00eda de la Defensa Nacional (DEFENSA), Guardia Nacional y Polic\u00eda Estatal.<\/p>\n<p>La investigaci\u00f3n detalla que, O.M.L. fue detenido por la Polic\u00eda Municipal luego de asegurarle varias dosis de la droga conocida como cristal.<\/p>\n<p>Posteriormente, la Fiscal\u00eda de Oaxaca inici\u00f3 las investigaciones correspondientes sobre la probable participaci\u00f3n de O.M.L.\u00a0 en una ola de robos a veh\u00edculos estacionados, modalidad conocida como \u201ccristalazos\u201d, cometidos en la ciudad de Oaxaca, pues adem\u00e1s de las sustancias ilegales, le aseguraron herramientas y artefactos usados para la comisi\u00f3n de este tipo de delitos.<\/p>\n<p>La Fiscal\u00eda General de Oaxaca, refrenda su compromiso de seguir trabajando para combatir este tipo de delitos que da\u00f1an el tejido social y atentan contra el bienestar de la sociedad oaxaque\u00f1a.<\/p>\n<p><img fetchpriority=\"high\" decoding=\"async\" class=\"alignnone size-medium wp-image-10363\" src=\"https:\/\/fge.oaxaca.gob.mx\/wp-content\/uploads\/2025\/10\/WhatsApp-Image-2025-10-10-at-9.33.56-AM-273x300.jpeg\" alt=\"\" width=\"273\" height=\"300\" \/><\/p>\n","protected":false},"author":5,"featured_media":10349,"comment_status":"closed","ping_status":"closed","template":"","tags":[],"categoria_noticias":[],"class_list":["post-19266","noticias","type-noticias","status-publish","has-post-thumbnail","hentry"],"acf":[],"mb":[],"mfb_rest_fields":["title","gutenberg_elementor_mode"],"_links":{"self":[{"href":"https:\/\/portal.fgeo.gob.mx\/index.php\/wp-json\/wp\/v2\/noticias\/19266","targetHints":{"allow":["GET"]}}],"collection":[{"href":"https:\/\/portal.fgeo.gob.mx\/index.php\/wp-json\/wp\/v2\/noticias"}],"about":[{"href":"https:\/\/portal.fgeo.gob.mx\/index.php\/wp-json\/wp\/v2\/types\/noticias"}],"author":[{"embeddable":true,"href":"https:\/\/portal.fgeo.gob.mx\/index.php\/wp-json\/wp\/v2\/users\/5"}],"replies":[{"embeddable":true,"href":"https:\/\/portal.fgeo.gob.mx\/index.php\/wp-json\/wp\/v2\/comments?post=19266"}],"wp:featuredmedia":[{"embeddable":true,"href":"https:\/\/portal.fgeo.gob.mx\/index.php\/wp-json\/"}],"wp:attachment":[{"href":"https:\/\/portal.fgeo.gob.mx\/index.php\/wp-json\/wp\/v2\/media?parent=19266"}],"wp:term":[{"taxonomy":"post_tag","embeddable":true,"href":"https:\/\/portal.fgeo.gob.mx\/index.php\/wp-json\/wp\/v2\/tags?post=19266"},{"taxonomy":"categoria_noticias","embeddable":true,"href":"https:\/\/portal.fgeo.gob.mx\/index.php\/wp-json\/wp\/v2\/categoria_noticias?post=19266"}],"curies":[{"name":"wp","href":"https:\/\/api.w.org\/{rel}","templated":true}]}}