{"id":19265,"date":"2025-10-09T14:00:10","date_gmt":"2025-10-09T20:00:10","guid":{"rendered":"https:\/\/fge.oaxaca.gob.mx\/?post_type=noticias&amp;p=10358"},"modified":"2025-10-09T14:00:10","modified_gmt":"2025-10-09T20:00:10","slug":"boletin-1814-fiscalia-de-oaxaca-obtiene-vinculacion-a-proceso-y-prision-por-feminicidio-y-lesiones-cometidos-en-la-region-de-la-costa","status":"publish","type":"noticias","link":"https:\/\/portal.fgeo.gob.mx\/index.php\/archivos\/noticias\/boletin-1814-fiscalia-de-oaxaca-obtiene-vinculacion-a-proceso-y-prision-por-feminicidio-y-lesiones-cometidos-en-la-region-de-la-costa","title":{"rendered":"BOLET\u00cdN 1,814.- Fiscal\u00eda de Oaxaca obtiene vinculaci\u00f3n a proceso y prisi\u00f3n por feminicidio y lesiones cometidos en la regi\u00f3n de la Costa"},"content":{"rendered":"<p>&nbsp;<\/p>\n<p>* El agresor se present\u00f3 en el domicilio de las v\u00edctimas atac\u00f3 con un machete a la mujer (quien perdi\u00f3 la vida) y dej\u00f3 con heridas graves al hijo de la primera v\u00edctima<\/p>\n<p><strong>Oaxaca de Ju\u00e1rez, Oax., a 09 de octubre de 2025.-<\/strong> En puntual seguimiento a casos de violencia de g\u00e9nero contra la mujer en la entidad, la Fiscal\u00eda General del Estado de Oaxaca (FGEO) obtuvo vinculaci\u00f3n a proceso y prisi\u00f3n preventiva en contra de una persona del sexo masculino identificado por las iniciales G.L.L., imputado por el delito de feminicidio y lesiones calificadas en agravio de una mujer y su hijo, cometido en la regi\u00f3n de la Costa.<\/p>\n<p>De acuerdo con el expediente penal del caso, los hechos ocurrieron el 28 de mayo de 2024 en un domicilio ubicado en la localidad de Piedra Virgen, perteneciente a San Pedro Pochutla, lugar en el que se encontraban las v\u00edctimas M.L.V.G. (mujer) y J.D.R.V. (hijo de la primera v\u00edctima), donde el imputado las atac\u00f3 con un arma corto contundente (machete).<\/p>\n<p>La investigaci\u00f3n revela que, el imputado los amenaz\u00f3 de muerte por lo que las v\u00edctimas intentaron correr, pero fueron alcanzados y agredidos con el machete, privando de la vida a M.L.V.G. y atacando al adolescente J.D.R.V., quien result\u00f3 con lesiones que pusieron en peligro su vida.<\/p>\n<p>Al tener conocimiento de los hechos, la FGEO a trav\u00e9s de la Vicefiscal\u00eda Regional de la Costa, despleg\u00f3 a un equipo multidisciplinario para realizar las investigaciones ministeriales correspondientes con estricto apego al protocolo de g\u00e9nero, que permitieron obtener la orden de aprehensi\u00f3n respectiva en contra de G.L.L.<\/p>\n<p>Una vez localizado, G.L.L., fue detenido por Agentes Estatales de Investigaci\u00f3n (AEI) y puesto a disposici\u00f3n de la autoridad judicial que lo requiri\u00f3 para determinar su situaci\u00f3n jur\u00eddica.<\/p>\n<p>En audiencia, y tras evaluar los datos de prueba aportados por la Fiscal\u00eda de Oaxaca, el Juez dict\u00f3 auto de vinculaci\u00f3n a proceso en contra de G.L.L., por los delitos de feminicidio y lesiones, imponiendo la medida cautelar de prisi\u00f3n preventiva justificada, adem\u00e1s de conceder el plazo de cuatro meses para el cierre de la investigaci\u00f3n complementaria.<\/p>\n<p>En casos de feminicidio, la Fiscal\u00eda General del Estado de Oaxaca se compromete a realizar investigaciones correspondientes, a fin de presentar ante la justicia y aplicar todo el rigor de la Ley a quien o quienes resulten responsables por este tipo de delito.<\/p>\n<p><img fetchpriority=\"high\" decoding=\"async\" class=\"size-medium wp-image-10359\" src=\"https:\/\/fge.oaxaca.gob.mx\/wp-content\/uploads\/2025\/10\/Dise\u00f1o-sin-t\u00edtulo-13-300x232.jpg\" alt=\"\" width=\"300\" height=\"232\" \/><\/p>\n","protected":false},"author":5,"featured_media":10349,"comment_status":"closed","ping_status":"closed","template":"","tags":[],"categoria_noticias":[],"class_list":["post-19265","noticias","type-noticias","status-publish","has-post-thumbnail","hentry"],"acf":[],"mb":[],"mfb_rest_fields":["title","gutenberg_elementor_mode"],"_links":{"self":[{"href":"https:\/\/portal.fgeo.gob.mx\/index.php\/wp-json\/wp\/v2\/noticias\/19265","targetHints":{"allow":["GET"]}}],"collection":[{"href":"https:\/\/portal.fgeo.gob.mx\/index.php\/wp-json\/wp\/v2\/noticias"}],"about":[{"href":"https:\/\/portal.fgeo.gob.mx\/index.php\/wp-json\/wp\/v2\/types\/noticias"}],"author":[{"embeddable":true,"href":"https:\/\/portal.fgeo.gob.mx\/index.php\/wp-json\/wp\/v2\/users\/5"}],"replies":[{"embeddable":true,"href":"https:\/\/portal.fgeo.gob.mx\/index.php\/wp-json\/wp\/v2\/comments?post=19265"}],"wp:featuredmedia":[{"embeddable":true,"href":"https:\/\/portal.fgeo.gob.mx\/index.php\/wp-json\/"}],"wp:attachment":[{"href":"https:\/\/portal.fgeo.gob.mx\/index.php\/wp-json\/wp\/v2\/media?parent=19265"}],"wp:term":[{"taxonomy":"post_tag","embeddable":true,"href":"https:\/\/portal.fgeo.gob.mx\/index.php\/wp-json\/wp\/v2\/tags?post=19265"},{"taxonomy":"categoria_noticias","embeddable":true,"href":"https:\/\/portal.fgeo.gob.mx\/index.php\/wp-json\/wp\/v2\/categoria_noticias?post=19265"}],"curies":[{"name":"wp","href":"https:\/\/api.w.org\/{rel}","templated":true}]}}