{"id":19264,"date":"2025-10-09T12:00:35","date_gmt":"2025-10-09T18:00:35","guid":{"rendered":"https:\/\/fge.oaxaca.gob.mx\/?post_type=noticias&amp;p=10355"},"modified":"2025-10-09T12:00:35","modified_gmt":"2025-10-09T18:00:35","slug":"boletin-1813-fiscalia-de-oaxaca-detiene-a-b-g-r-alias-odilon-por-homicidio-cometido-en-cancha-de-futbol-en-san-juan-cotzocon-mixe","status":"publish","type":"noticias","link":"https:\/\/portal.fgeo.gob.mx\/index.php\/archivos\/noticias\/boletin-1813-fiscalia-de-oaxaca-detiene-a-b-g-r-alias-odilon-por-homicidio-cometido-en-cancha-de-futbol-en-san-juan-cotzocon-mixe","title":{"rendered":"BOLET\u00cdN 1,813.- Fiscal\u00eda de Oaxaca detiene a B.G.R., alias \u201cOdil\u00f3n\u201d, por homicidio cometido en cancha de f\u00fatbol en San Juan Cotzoc\u00f3n, Mixe"},"content":{"rendered":"<p>&nbsp;<\/p>\n<p><strong>Oaxaca de Ju\u00e1rez, Oax., a 09 de octubre de 2025.-<\/strong> Derivado de trabajos de investigaci\u00f3n e inteligencia criminal, la Fiscal\u00eda General de Justicia del Estado de Oaxaca ejecut\u00f3 una orden de aprehensi\u00f3n en contra de una persona del sexo masculino identificado como B.G.R., alias \u201cOdil\u00f3n\u201d, por el delito de homicidio calificado con ventaja.<\/p>\n<p>De acuerdo con la carpeta de investigaci\u00f3n, los hechos ocurrieron el 1 de abril de 2023, cuando la v\u00edctima se encontraba en la cancha de f\u00fatbol de la agencia municipal de Cerro Mojarra, San Juan Cotzoc\u00f3n, Mixe, lugar al que arrib\u00f3 un grupo de personas que la agredieron con armas de fuego, provocando lesiones que le causaron la muerte.<\/p>\n<p>Ante estos hechos, la Fiscal\u00eda de Oaxaca integr\u00f3 un equipo multidisciplinario a trav\u00e9s de la Vicefiscal\u00eda Regional de la Cuenca, que realiz\u00f3 las primeras indagatorias, las cuales permitieron obtener y ejecutar la orden de aprehensi\u00f3n en contra de B.G.R., alias \u201cOdil\u00f3n\u201d.<\/p>\n<p>La detenci\u00f3n fue realizada mediante un operativo implementado por elementos de la Agencia Estatal de Investigaciones (AEI), quienes pusieron al imputado a disposici\u00f3n de la autoridad ministerial correspondiente, para que se determine su situaci\u00f3n jur\u00eddica conforme a derecho.<\/p>\n<p>Finalmente, la Fiscal\u00eda General del Estado de Oaxaca reafirma su compromiso de realizar investigaciones profesionales y efectivas para el esclarecimiento de los delitos, especialmente aquellos de alto impacto, garantizando con ello el acceso a la justicia para las v\u00edctimas y sus familias.<\/p>\n<p><img fetchpriority=\"high\" decoding=\"async\" class=\"size-medium wp-image-10356\" src=\"https:\/\/fge.oaxaca.gob.mx\/wp-content\/uploads\/2025\/10\/1813-300x283.jpg\" alt=\"\" width=\"300\" height=\"283\" \/><\/p>\n","protected":false},"author":5,"featured_media":10349,"comment_status":"closed","ping_status":"closed","template":"","tags":[],"categoria_noticias":[],"class_list":["post-19264","noticias","type-noticias","status-publish","has-post-thumbnail","hentry"],"acf":[],"mb":[],"mfb_rest_fields":["title","gutenberg_elementor_mode"],"_links":{"self":[{"href":"https:\/\/portal.fgeo.gob.mx\/index.php\/wp-json\/wp\/v2\/noticias\/19264","targetHints":{"allow":["GET"]}}],"collection":[{"href":"https:\/\/portal.fgeo.gob.mx\/index.php\/wp-json\/wp\/v2\/noticias"}],"about":[{"href":"https:\/\/portal.fgeo.gob.mx\/index.php\/wp-json\/wp\/v2\/types\/noticias"}],"author":[{"embeddable":true,"href":"https:\/\/portal.fgeo.gob.mx\/index.php\/wp-json\/wp\/v2\/users\/5"}],"replies":[{"embeddable":true,"href":"https:\/\/portal.fgeo.gob.mx\/index.php\/wp-json\/wp\/v2\/comments?post=19264"}],"wp:featuredmedia":[{"embeddable":true,"href":"https:\/\/portal.fgeo.gob.mx\/index.php\/wp-json\/"}],"wp:attachment":[{"href":"https:\/\/portal.fgeo.gob.mx\/index.php\/wp-json\/wp\/v2\/media?parent=19264"}],"wp:term":[{"taxonomy":"post_tag","embeddable":true,"href":"https:\/\/portal.fgeo.gob.mx\/index.php\/wp-json\/wp\/v2\/tags?post=19264"},{"taxonomy":"categoria_noticias","embeddable":true,"href":"https:\/\/portal.fgeo.gob.mx\/index.php\/wp-json\/wp\/v2\/categoria_noticias?post=19264"}],"curies":[{"name":"wp","href":"https:\/\/api.w.org\/{rel}","templated":true}]}}