{"id":19263,"date":"2025-10-09T09:07:24","date_gmt":"2025-10-09T15:07:24","guid":{"rendered":"https:\/\/fge.oaxaca.gob.mx\/?post_type=noticias&amp;p=10353"},"modified":"2025-10-09T09:07:24","modified_gmt":"2025-10-09T15:07:24","slug":"boletin-1812-fiscalia-de-oaxaca-obtiene-vinculacion-contra-imputado-por-crueldad-animal-en-agravio-de-un-perro-cometido-en-santa-cruz-amilpas","status":"publish","type":"noticias","link":"https:\/\/portal.fgeo.gob.mx\/index.php\/archivos\/noticias\/boletin-1812-fiscalia-de-oaxaca-obtiene-vinculacion-contra-imputado-por-crueldad-animal-en-agravio-de-un-perro-cometido-en-santa-cruz-amilpas","title":{"rendered":"BOLET\u00cdN 1,812.- Fiscal\u00eda de Oaxaca obtiene vinculaci\u00f3n contra imputado por crueldad animal en agravio de un perro cometido en Santa Cruz Amilpas"},"content":{"rendered":"<p>&nbsp;<\/p>\n<p><strong>Oaxaca de Ju\u00e1rez, Oax., a 09 de octubre de 2025.-<\/strong> La Fiscal\u00eda General del Estado de Oaxaca (FGEO) logr\u00f3 auto de vinculaci\u00f3n a proceso contra una persona del sexo masculino identificada como L.C.C., por el delito de crueldad animal, cometido en la regi\u00f3n de Valles Centrales.<\/p>\n<p>&nbsp;<\/p>\n<p>De acuerdo con la investigaci\u00f3n penal, el 29 de septiembre de 2025, el imputado acudi\u00f3 a un establecimiento ubicado en inmediaciones del municipio de Santa Cruz Amilpas, con un perro de aproximadamente tres a\u00f1os de edad que presentaba lesiones por laceraci\u00f3n de aproximadamente 40 cent\u00edmetros en la regi\u00f3n cervical (cuello).<\/p>\n<p>&nbsp;<\/p>\n<p>La investigaci\u00f3n revela que, las lesiones presentadas por el animal vertebrado habr\u00edan sido causadas por el imputado, tras mantenerlo amarrado por un periodo prolongado en el patio de su domicilio ubicado en ese municipio, hechos que son constitutivos del delito de crueldad animal.<\/p>\n<p>&nbsp;<\/p>\n<p>Al tener conocimiento del caso, la Fiscal\u00eda General del Estado de Oaxaca inici\u00f3 la investigaci\u00f3n correspondiente, a trav\u00e9s de la Vicefiscal\u00eda de Valles Centrales, la formular la imputaci\u00f3n en contra de L.C.C.<\/p>\n<p>&nbsp;<\/p>\n<p>Posteriormente, gracias a los trabajos especializados de la FGEO fue posible presentar los datos de prueba ante el Juez de la Causa gracias a los cuales dict\u00f3 auto de vinculaci\u00f3n a proceso en contra de L.C.C., por el delito de crueldad animal e impuso las medidas cautelares correspondientes, adem\u00e1s de otorgar el plazo de un mes para el cierre de la investigaci\u00f3n complementaria.<\/p>\n<p>&nbsp;<\/p>\n<p>La Fiscal\u00eda General del Estado de Oaxaca refrenda su compromiso con la procuraci\u00f3n de justicia y reitera que, como parte de la estrategia integral de prevenci\u00f3n del maltrato animal, atiende de manera puntual las denuncias relacionadas con este delito tipificado en el C\u00f3digo Penal de Oaxaca.<\/p>\n<p><img fetchpriority=\"high\" decoding=\"async\" class=\"alignnone size-medium wp-image-10354\" src=\"https:\/\/fge.oaxaca.gob.mx\/wp-content\/uploads\/2025\/10\/WhatsApp-Image-2025-10-08-at-1.39.15-PM-300x290.jpeg\" alt=\"\" width=\"300\" height=\"290\" \/><\/p>\n","protected":false},"author":5,"featured_media":10349,"comment_status":"closed","ping_status":"closed","template":"","tags":[],"categoria_noticias":[],"class_list":["post-19263","noticias","type-noticias","status-publish","has-post-thumbnail","hentry"],"acf":[],"mb":[],"mfb_rest_fields":["title","gutenberg_elementor_mode"],"_links":{"self":[{"href":"https:\/\/portal.fgeo.gob.mx\/index.php\/wp-json\/wp\/v2\/noticias\/19263","targetHints":{"allow":["GET"]}}],"collection":[{"href":"https:\/\/portal.fgeo.gob.mx\/index.php\/wp-json\/wp\/v2\/noticias"}],"about":[{"href":"https:\/\/portal.fgeo.gob.mx\/index.php\/wp-json\/wp\/v2\/types\/noticias"}],"author":[{"embeddable":true,"href":"https:\/\/portal.fgeo.gob.mx\/index.php\/wp-json\/wp\/v2\/users\/5"}],"replies":[{"embeddable":true,"href":"https:\/\/portal.fgeo.gob.mx\/index.php\/wp-json\/wp\/v2\/comments?post=19263"}],"wp:featuredmedia":[{"embeddable":true,"href":"https:\/\/portal.fgeo.gob.mx\/index.php\/wp-json\/"}],"wp:attachment":[{"href":"https:\/\/portal.fgeo.gob.mx\/index.php\/wp-json\/wp\/v2\/media?parent=19263"}],"wp:term":[{"taxonomy":"post_tag","embeddable":true,"href":"https:\/\/portal.fgeo.gob.mx\/index.php\/wp-json\/wp\/v2\/tags?post=19263"},{"taxonomy":"categoria_noticias","embeddable":true,"href":"https:\/\/portal.fgeo.gob.mx\/index.php\/wp-json\/wp\/v2\/categoria_noticias?post=19263"}],"curies":[{"name":"wp","href":"https:\/\/api.w.org\/{rel}","templated":true}]}}