{"id":19262,"date":"2025-10-08T17:00:17","date_gmt":"2025-10-08T23:00:17","guid":{"rendered":"https:\/\/fge.oaxaca.gob.mx\/?post_type=noticias&amp;p=10351"},"modified":"2025-10-08T17:00:17","modified_gmt":"2025-10-08T23:00:17","slug":"boletin-1811-fiscalia-de-oaxaca-realiza-cateo-en-centro-de-venta-y-distribucion-de-drogas-y-detienen-a-j-j-l-s-alias-el-chuy-de-juchitan-en-la-region-del-istmo","status":"publish","type":"noticias","link":"https:\/\/portal.fgeo.gob.mx\/index.php\/archivos\/noticias\/boletin-1811-fiscalia-de-oaxaca-realiza-cateo-en-centro-de-venta-y-distribucion-de-drogas-y-detienen-a-j-j-l-s-alias-el-chuy-de-juchitan-en-la-region-del-istmo","title":{"rendered":"BOLET\u00cdN 1,811.- Fiscal\u00eda de Oaxaca realiza cateo en centro de venta y distribuci\u00f3n de drogas y detienen a J.J.L.S., alias &#8220;El Chuy de Juchit\u00e1n&#8221; en la regi\u00f3n del Istmo"},"content":{"rendered":"<p><strong>Oaxaca de Ju\u00e1rez, Oax., a 08 de octubre de 2025.-<\/strong> La Fiscal\u00eda General del Estado de Oaxaca, obtuvo prisi\u00f3n preventiva y solicit\u00f3 el auto de vinculaci\u00f3n a proceso en contra de una persona del sexo masculino identificado como J.J.L.S., alias &#8220;El Chuy de Juchit\u00e1n&#8221; imputado por el delito contra la salud en su modalidad de narcomenudeo en su hip\u00f3tesis de metanfetamina, que operaba en la regi\u00f3n del Istmo, acciones derivadas de la Operaci\u00f3n Sable que forman parte de la estrategia de combate a la venta y distribuci\u00f3n de drogas en la entidad.<\/p>\n<p>&nbsp;<\/p>\n<p>El despliegue policial efectuado en un domicilio ubicado en calles de la colonia Lorenza Santiago de la Ciudad de Juchit\u00e1n de Zaragoza, fue resultado de operaciones estrat\u00e9gicas y de inteligencia de elementos de la Agencia Estatal de Investigaciones (AEI) de la Vicefiscal\u00eda Regional de Valles Centrales.<\/p>\n<p>&nbsp;<\/p>\n<p>Durante la ejecuci\u00f3n de la orden de cateo, adem\u00e1s de la detenci\u00f3n de &#8220;El Chuy de Juchit\u00e1n&#8221; los agentes ministeriales intervinieron en el interior del inmueble que era ocupado como centro de distribuci\u00f3n y venta de drogas, donde aseguraron metanfetamina, una b\u00e1scula, un arma de fuego tipo revolver y cartuchos \u00fatiles.<\/p>\n<p>&nbsp;<\/p>\n<p>Tanto el detenido como lo asegurado fueron puestos a disposici\u00f3n de la autoridad competente para su certificaci\u00f3n e investigaci\u00f3n y con ello su proceso legal correspondiente.<\/p>\n<p>&nbsp;<\/p>\n<p>Tras el desahogo de pruebas aportadas por la Vicefiscal\u00eda Regional de Valles Centrales, el Juez de la causa comunic\u00f3 imputaci\u00f3n por el delito contra la salud en su modalidad de narcomenudeo en su hip\u00f3tesis de metanfetamina por lo que la Fiscal\u00eda de Oaxaca hizo la solicitud de la vinculaci\u00f3n a proceso, logrando obtener la medida cautelar de prisi\u00f3n preventiva justificada provisional a espera de la siguiente audiencia.<\/p>\n<p>&nbsp;<\/p>\n<p>Las labores de inteligencia que realiza la Fiscal\u00eda de Oaxaca dan certeza a las investigaciones ministeriales por diversos delitos, adem\u00e1s que permiten fortalecer la estrategia estatal de seguridad p\u00fablica y procuraci\u00f3n de justicia a favor de la ciudadan\u00eda en las diferentes regiones de la entidad.<\/p>\n<p><img decoding=\"async\" class=\"size-full wp-image-10352\" src=\"https:\/\/fge.oaxaca.gob.mx\/wp-content\/uploads\/2025\/10\/Dise\u00f1o-sin-t\u00edtulo-12.jpg\" alt=\"\" width=\"210\" height=\"154\" \/><\/p>\n","protected":false},"author":5,"featured_media":10349,"comment_status":"closed","ping_status":"closed","template":"","tags":[],"categoria_noticias":[],"class_list":["post-19262","noticias","type-noticias","status-publish","has-post-thumbnail","hentry"],"acf":[],"mb":[],"mfb_rest_fields":["title","gutenberg_elementor_mode"],"_links":{"self":[{"href":"https:\/\/portal.fgeo.gob.mx\/index.php\/wp-json\/wp\/v2\/noticias\/19262","targetHints":{"allow":["GET"]}}],"collection":[{"href":"https:\/\/portal.fgeo.gob.mx\/index.php\/wp-json\/wp\/v2\/noticias"}],"about":[{"href":"https:\/\/portal.fgeo.gob.mx\/index.php\/wp-json\/wp\/v2\/types\/noticias"}],"author":[{"embeddable":true,"href":"https:\/\/portal.fgeo.gob.mx\/index.php\/wp-json\/wp\/v2\/users\/5"}],"replies":[{"embeddable":true,"href":"https:\/\/portal.fgeo.gob.mx\/index.php\/wp-json\/wp\/v2\/comments?post=19262"}],"wp:featuredmedia":[{"embeddable":true,"href":"https:\/\/portal.fgeo.gob.mx\/index.php\/wp-json\/"}],"wp:attachment":[{"href":"https:\/\/portal.fgeo.gob.mx\/index.php\/wp-json\/wp\/v2\/media?parent=19262"}],"wp:term":[{"taxonomy":"post_tag","embeddable":true,"href":"https:\/\/portal.fgeo.gob.mx\/index.php\/wp-json\/wp\/v2\/tags?post=19262"},{"taxonomy":"categoria_noticias","embeddable":true,"href":"https:\/\/portal.fgeo.gob.mx\/index.php\/wp-json\/wp\/v2\/categoria_noticias?post=19262"}],"curies":[{"name":"wp","href":"https:\/\/api.w.org\/{rel}","templated":true}]}}