{"id":19261,"date":"2025-10-08T15:00:57","date_gmt":"2025-10-08T21:00:57","guid":{"rendered":"https:\/\/fge.oaxaca.gob.mx\/?post_type=noticias&amp;p=10348"},"modified":"2025-10-08T15:00:57","modified_gmt":"2025-10-08T21:00:57","slug":"boletin-1810-en-48-horas-fiscalia-de-oaxaca-detiene-a-un-hombre-por-homicidio-calificado-con-ventaja-cometido-en-miahuatlan-de-porfirio-diaz","status":"publish","type":"noticias","link":"https:\/\/portal.fgeo.gob.mx\/index.php\/archivos\/noticias\/boletin-1810-en-48-horas-fiscalia-de-oaxaca-detiene-a-un-hombre-por-homicidio-calificado-con-ventaja-cometido-en-miahuatlan-de-porfirio-diaz","title":{"rendered":"BOLET\u00cdN 1,810.- En 48 horas, Fiscal\u00eda de Oaxaca detiene a un hombre por homicidio calificado con ventaja cometido en Ejutla de Crespo"},"content":{"rendered":"<p><strong>Oaxaca de Ju\u00e1rez, Oax., a 08 de octubre de 2025.-<\/strong> Derivado de trabajos inmediatos de investigaci\u00f3n e inteligencia criminal, en 48 horas, la Fiscal\u00eda General de Justicia del Estado de Oaxaca ejecut\u00f3 una orden de aprehensi\u00f3n en contra de una persona del sexo masculino identificado como T.J.A.\u00a0 por el delito de homicidio calificado con ventaja.<\/p>\n<p>De acuerdo con la carpeta de investigaci\u00f3n, los hechos ocurrieron el 03 de octubre del 2025, cuando la v\u00edctima se encontraba en su domicilio ubicado en La Pe, Ejutla de Crespo, lugar en el que fue agredido con disparos de arma de fuego, lo que le provoc\u00f3 lesiones que ocasionaron que perdiera la vida.<\/p>\n<p>Por estos hechos, la Fiscal\u00eda de Oaxaca -a trav\u00e9s de la Vicefiscal\u00eda Regional de Valles Centrales- emple\u00f3 a un equipo multidisciplinario de reacci\u00f3n inmediata que realiz\u00f3 las primeras indagatorias, lo que permiti\u00f3 la obtenci\u00f3n de pruebas gracias a las cuales se obtuvo la orden de aprehensi\u00f3n en contra de T.J.A. por el delito de homicidio calificado con ventaja.<\/p>\n<p>Para la detenci\u00f3n del imputado se realiz\u00f3 un operativo implementado por elementos de la Agencia Estatal de Investigaciones; tras la aprehensi\u00f3n, T.J.A. fue puesto a disposici\u00f3n de la autoridad ministerial correspondiente para que se determine su situaci\u00f3n jur\u00eddica.<\/p>\n<p>Finalmente, la Fiscal\u00eda de Oaxaca est\u00e1 comprometida con realizar investigaciones efectivas para esclarecer los delitos, especialmente los de alto impacto esto con el objetivo de aplicar todo el rigor de la Ley en contra de quien o quienes resulten responsables.<\/p>\n<p><img decoding=\"async\" class=\"size-medium wp-image-10350\" src=\"https:\/\/fge.oaxaca.gob.mx\/wp-content\/uploads\/2025\/10\/Dise\u00f1o-sin-t\u00edtulo-11-300x157.jpg\" alt=\"\" width=\"300\" height=\"157\" \/><\/p>\n","protected":false},"author":5,"featured_media":10349,"comment_status":"closed","ping_status":"closed","template":"","tags":[],"categoria_noticias":[],"class_list":["post-19261","noticias","type-noticias","status-publish","has-post-thumbnail","hentry"],"acf":[],"mb":[],"mfb_rest_fields":["title","gutenberg_elementor_mode"],"_links":{"self":[{"href":"https:\/\/portal.fgeo.gob.mx\/index.php\/wp-json\/wp\/v2\/noticias\/19261","targetHints":{"allow":["GET"]}}],"collection":[{"href":"https:\/\/portal.fgeo.gob.mx\/index.php\/wp-json\/wp\/v2\/noticias"}],"about":[{"href":"https:\/\/portal.fgeo.gob.mx\/index.php\/wp-json\/wp\/v2\/types\/noticias"}],"author":[{"embeddable":true,"href":"https:\/\/portal.fgeo.gob.mx\/index.php\/wp-json\/wp\/v2\/users\/5"}],"replies":[{"embeddable":true,"href":"https:\/\/portal.fgeo.gob.mx\/index.php\/wp-json\/wp\/v2\/comments?post=19261"}],"wp:featuredmedia":[{"embeddable":true,"href":"https:\/\/portal.fgeo.gob.mx\/index.php\/wp-json\/"}],"wp:attachment":[{"href":"https:\/\/portal.fgeo.gob.mx\/index.php\/wp-json\/wp\/v2\/media?parent=19261"}],"wp:term":[{"taxonomy":"post_tag","embeddable":true,"href":"https:\/\/portal.fgeo.gob.mx\/index.php\/wp-json\/wp\/v2\/tags?post=19261"},{"taxonomy":"categoria_noticias","embeddable":true,"href":"https:\/\/portal.fgeo.gob.mx\/index.php\/wp-json\/wp\/v2\/categoria_noticias?post=19261"}],"curies":[{"name":"wp","href":"https:\/\/api.w.org\/{rel}","templated":true}]}}