{"id":19259,"date":"2025-10-08T09:10:57","date_gmt":"2025-10-08T15:10:57","guid":{"rendered":"https:\/\/fge.oaxaca.gob.mx\/?post_type=noticias&amp;p=10341"},"modified":"2025-10-08T09:10:57","modified_gmt":"2025-10-08T15:10:57","slug":"boletin-1808-fiscalia-de-oaxaca-logra-prision-preventiva-por-agresion-a-erick-yair-p-l-cometidas-en-san-agustin-de-las-juntas","status":"publish","type":"noticias","link":"https:\/\/portal.fgeo.gob.mx\/index.php\/archivos\/noticias\/boletin-1808-fiscalia-de-oaxaca-logra-prision-preventiva-por-agresion-a-erick-yair-p-l-cometidas-en-san-agustin-de-las-juntas","title":{"rendered":"BOLET\u00cdN 1,808.- Fiscal\u00eda de Oaxaca logra prisi\u00f3n preventiva por agresi\u00f3n a Erick Yair P.L., cometidas en San Agust\u00edn de las Juntas"},"content":{"rendered":"<p>* En este caso las investigaciones sugieren que habr\u00eda habido participaci\u00f3n de la Polic\u00eda Municipal, mientras que las investigaciones siguen su curso para dar con el paradero de la v\u00edctima que se encuentra reportada como No Localizada<\/p>\n<p><strong>Oaxaca de Ju\u00e1rez, Oax., a 08 de octubre de 2025.-<\/strong> La investigaci\u00f3n ministerial especializada que realiza la Fiscal\u00eda General del Estado de Oaxaca (FGEO) permiti\u00f3 presentar ante el Juez de control a una persona del sexo masculino identificado como E.A.M.L. alias \u201cTalib\u00e1n\u201d se\u00f1alado como probable responsable del delito de Lesiones Calificadas con Ventaja, cometido en agravio de Erick Yair P.L., quien se encuentra reportado como No Localizado, por hechos ocurridos en el municipio de San Agust\u00edn de las Juntas, caso en el que la v\u00edctima realiz\u00f3 esta primera denuncia por agresiones previo a su desaparici\u00f3n.<\/p>\n<p>De acuerdo con el expediente penal por este caso, el 15 de abril de 2025, la v\u00edctima denunci\u00f3 que se encontraba en su domicilio en inmediaciones del municipio de San Agust\u00edn de las Juntas, a donde arrib\u00f3 un grupo de mototaxistas de la zona, quienes agredieron f\u00edsicamente a la v\u00edctima.<\/p>\n<p>En su declaraci\u00f3n, detalla que al lugar llegaron dos patrullas de la Polic\u00eda Municipal de San Agust\u00edn de las Juntas, cuyos elementos habr\u00edan esposado a la v\u00edctima y lo trasladaron hacia rumbo desconocido y lo entregaron a un grupo de civiles.<\/p>\n<p>La investigaci\u00f3n revela que, minutos m\u00e1s tarde, agredieron f\u00edsicamente a la v\u00edctima que logr\u00f3 identificar a sus agresores y el veh\u00edculo en el que lo trasladaron, el cual correspond\u00eda a un taxi del sitio de San Agust\u00edn Obispo.<\/p>\n<p>Derivado de la denuncia por estos hechos, la FGEO inici\u00f3 las investigaciones correspondientes a trav\u00e9s de la Vicefiscal\u00eda Regional de Valles Centrales, que permitieron obtener una orden de aprehensi\u00f3n contra E.A.M.L. alias \u201cTalib\u00e1n\u201d, por el delito de Lesiones Calificadas con Ventaja, la cual fue ejecutada por elementos de la Agencia Estatal de Investigaciones (AEI).<\/p>\n<p>En audiencia, el Juez de Control, valor\u00f3 los datos aportados por la Fiscal\u00eda de Oaxaca y calific\u00f3 como legal la detenci\u00f3n de E.A.M.L., alias \u201cTalib\u00e1n\u201d, imponiendo la medida cautelar de prisi\u00f3n preventiva justificada, adem\u00e1s que se solicit\u00f3 la vinculaci\u00f3n a proceso.<\/p>\n<p>Asimismo, como parte de las investigaciones, la Fiscal\u00eda General del Estado de Oaxaca deriv\u00f3 a la Fiscal\u00eda Especializada en Materia de Combate a la Corrupci\u00f3n del Estado de Oaxaca (FEMCO) el caso para determinar la posible responsabilidad de los elementos de la Polic\u00eda Municipal de San Agust\u00edn de las Juntas en estos hechos al tratarse de funcionarios p\u00fablicos.<\/p>\n<p>En tanto que, la Fiscal\u00eda de Oaxaca, a trav\u00e9s de la Vicefiscal\u00eda General de Atenci\u00f3n a V\u00edctimas y la Sociedad, intensifica los trabajos ministeriales para la b\u00fasqueda y localizaci\u00f3n de Erick Yair P.L.<\/p>\n<p>La Fiscal\u00eda de Oaxaca tiene el compromiso de realizar trabajos ministeriales minuciosos y con estricto apego a la ley para que las v\u00edctimas directas e indirectas tengan pleno acceso a la justicia.<\/p>\n<p><img decoding=\"async\" class=\"alignnone size-medium wp-image-10342\" src=\"https:\/\/fge.oaxaca.gob.mx\/wp-content\/uploads\/2025\/10\/WhatsApp-Image-2025-10-08-at-8.58.20-AM-300x165.jpeg\" alt=\"\" width=\"300\" height=\"165\" \/><\/p>\n","protected":false},"author":5,"featured_media":10299,"comment_status":"closed","ping_status":"closed","template":"","tags":[],"categoria_noticias":[],"class_list":["post-19259","noticias","type-noticias","status-publish","has-post-thumbnail","hentry"],"acf":[],"mb":[],"mfb_rest_fields":["title","gutenberg_elementor_mode"],"_links":{"self":[{"href":"https:\/\/portal.fgeo.gob.mx\/index.php\/wp-json\/wp\/v2\/noticias\/19259","targetHints":{"allow":["GET"]}}],"collection":[{"href":"https:\/\/portal.fgeo.gob.mx\/index.php\/wp-json\/wp\/v2\/noticias"}],"about":[{"href":"https:\/\/portal.fgeo.gob.mx\/index.php\/wp-json\/wp\/v2\/types\/noticias"}],"author":[{"embeddable":true,"href":"https:\/\/portal.fgeo.gob.mx\/index.php\/wp-json\/wp\/v2\/users\/5"}],"replies":[{"embeddable":true,"href":"https:\/\/portal.fgeo.gob.mx\/index.php\/wp-json\/wp\/v2\/comments?post=19259"}],"wp:featuredmedia":[{"embeddable":true,"href":"https:\/\/portal.fgeo.gob.mx\/index.php\/wp-json\/"}],"wp:attachment":[{"href":"https:\/\/portal.fgeo.gob.mx\/index.php\/wp-json\/wp\/v2\/media?parent=19259"}],"wp:term":[{"taxonomy":"post_tag","embeddable":true,"href":"https:\/\/portal.fgeo.gob.mx\/index.php\/wp-json\/wp\/v2\/tags?post=19259"},{"taxonomy":"categoria_noticias","embeddable":true,"href":"https:\/\/portal.fgeo.gob.mx\/index.php\/wp-json\/wp\/v2\/categoria_noticias?post=19259"}],"curies":[{"name":"wp","href":"https:\/\/api.w.org\/{rel}","templated":true}]}}