{"id":19257,"date":"2025-10-07T14:00:48","date_gmt":"2025-10-07T20:00:48","guid":{"rendered":"https:\/\/fge.oaxaca.gob.mx\/?post_type=noticias&amp;p=10336"},"modified":"2025-10-07T14:00:48","modified_gmt":"2025-10-07T20:00:48","slug":"boletin-1806-fiscalia-de-oaxaca-localiza-y-captura-en-queretaro-a-imputado-por-violacion-de-adolescente-ocurrida-en-la-cuenca","status":"publish","type":"noticias","link":"https:\/\/portal.fgeo.gob.mx\/index.php\/archivos\/noticias\/boletin-1806-fiscalia-de-oaxaca-localiza-y-captura-en-queretaro-a-imputado-por-violacion-de-adolescente-ocurrida-en-la-cuenca","title":{"rendered":"BOLET\u00cdN 1,806.- Fiscal\u00eda de Oaxaca localiza y captura en Quer\u00e9taro a imputado por violaci\u00f3n de adolescente ocurrida en la Cuenca"},"content":{"rendered":"<p><strong>Oaxaca de Ju\u00e1rez, Oax., a 07 de octubre de 2025.-<\/strong> La Fiscal\u00eda General del Estado de Oaxaca (FGEO) localiz\u00f3 y detuvo en el estado de Quer\u00e9taro a un hombre identificado como V.T.C., por el delito de equiparado a la violaci\u00f3n en agravio de una adolescente ocurrida en la regi\u00f3n de la Cuenca del Papaloapan.<\/p>\n<p><img fetchpriority=\"high\" decoding=\"async\" class=\"size-medium wp-image-10338\" src=\"https:\/\/fge.oaxaca.gob.mx\/wp-content\/uploads\/2025\/10\/Dise\u00f1o-sin-t\u00edtulo-9-294x300.jpg\" alt=\"\" width=\"294\" height=\"300\" \/><\/p>\n<p>Dicha detenci\u00f3n se ejecut\u00f3 en inmediaciones de la Autopista M\u00e9xico-Quer\u00e9taro, gracias a la colaboraci\u00f3n interinstitucional de la Fiscal\u00eda General de Quer\u00e9taro, como resultado de las investigaciones ministeriales realizadas por la Fiscal\u00eda de Oaxaca que, estableci\u00f3 que el imputado hab\u00eda salido de la entidad para evadir la acci\u00f3n de la justicia.<\/p>\n<p>&nbsp;<\/p>\n<p>De acuerdo con el expediente penal del caso, los hechos ocurrieron el 25 de julio de 2018, en un domicilio ubicado en la calle Benito Ju\u00e1rez de la comunidad de la Junta, municipio de Acatl\u00e1n de P\u00e9rez Figueroa, lugar donde la v\u00edctima -una adolescente de 13 a\u00f1os de edad cuya identidad est\u00e1 reservada por ley- fue agredida sexualmente.<\/p>\n<p>&nbsp;<\/p>\n<p>Una vez que la FGEO tom\u00f3 conocimiento del caso, inici\u00f3 las investigaciones ministeriales con perspectiva de g\u00e9nero a trav\u00e9s de la Vicefiscal\u00eda Regional de la Cuenca logrando obtener una orden de aprehensi\u00f3n en contra de V.T.C., quien fue detenido para posteriormente iniciar los tr\u00e1mites administrativos para su traslado a la ciudad de Oaxaca y con ello, quedar a disposici\u00f3n de la autoridad ministerial correspondiente.<\/p>\n<p>&nbsp;<\/p>\n<p>Para la FGEO el trabajo interinstitucional con las Fiscal\u00edas de otras entidades del pa\u00eds y el empleo de protocolos y la aplicaci\u00f3n de t\u00e9cnicas cient\u00edficas e investigaciones de delitos contra ni\u00f1as, ni\u00f1os adolescentes y mujeres, permiten tener certeza en los trabajos de procuraci\u00f3n de justicia en el estado.<\/p>\n<p><img decoding=\"async\" class=\"size-medium wp-image-10337\" src=\"https:\/\/fge.oaxaca.gob.mx\/wp-content\/uploads\/2025\/10\/Dise\u00f1o-sin-t\u00edtulo-1-3-300x146.jpg\" alt=\"\" width=\"300\" height=\"146\" \/><\/p>\n","protected":false},"author":5,"featured_media":10299,"comment_status":"closed","ping_status":"closed","template":"","tags":[],"categoria_noticias":[],"class_list":["post-19257","noticias","type-noticias","status-publish","has-post-thumbnail","hentry"],"acf":[],"mb":[],"mfb_rest_fields":["title","gutenberg_elementor_mode"],"_links":{"self":[{"href":"https:\/\/portal.fgeo.gob.mx\/index.php\/wp-json\/wp\/v2\/noticias\/19257","targetHints":{"allow":["GET"]}}],"collection":[{"href":"https:\/\/portal.fgeo.gob.mx\/index.php\/wp-json\/wp\/v2\/noticias"}],"about":[{"href":"https:\/\/portal.fgeo.gob.mx\/index.php\/wp-json\/wp\/v2\/types\/noticias"}],"author":[{"embeddable":true,"href":"https:\/\/portal.fgeo.gob.mx\/index.php\/wp-json\/wp\/v2\/users\/5"}],"replies":[{"embeddable":true,"href":"https:\/\/portal.fgeo.gob.mx\/index.php\/wp-json\/wp\/v2\/comments?post=19257"}],"wp:featuredmedia":[{"embeddable":true,"href":"https:\/\/portal.fgeo.gob.mx\/index.php\/wp-json\/"}],"wp:attachment":[{"href":"https:\/\/portal.fgeo.gob.mx\/index.php\/wp-json\/wp\/v2\/media?parent=19257"}],"wp:term":[{"taxonomy":"post_tag","embeddable":true,"href":"https:\/\/portal.fgeo.gob.mx\/index.php\/wp-json\/wp\/v2\/tags?post=19257"},{"taxonomy":"categoria_noticias","embeddable":true,"href":"https:\/\/portal.fgeo.gob.mx\/index.php\/wp-json\/wp\/v2\/categoria_noticias?post=19257"}],"curies":[{"name":"wp","href":"https:\/\/api.w.org\/{rel}","templated":true}]}}