{"id":19256,"date":"2025-10-07T12:00:41","date_gmt":"2025-10-07T18:00:41","guid":{"rendered":"https:\/\/fge.oaxaca.gob.mx\/?post_type=noticias&amp;p=10334"},"modified":"2025-10-07T12:00:41","modified_gmt":"2025-10-07T18:00:41","slug":"boletin-1805-fgeo-ejecuta-orden-de-aprehension-y-detiene-a-un-hombre-por-incumplimiento-de-obligaciones-alimentarias-en-perjuicio-de-sus-hijos","status":"publish","type":"noticias","link":"https:\/\/portal.fgeo.gob.mx\/index.php\/archivos\/noticias\/boletin-1805-fgeo-ejecuta-orden-de-aprehension-y-detiene-a-un-hombre-por-incumplimiento-de-obligaciones-alimentarias-en-perjuicio-de-sus-hijos","title":{"rendered":"BOLET\u00cdN 1,805.- FGEO ejecuta orden de aprehensi\u00f3n y detiene a un hombre por incumplimiento de obligaciones alimentarias en perjuicio de sus hijos"},"content":{"rendered":"<p>&nbsp;<\/p>\n<p><strong>Oaxaca de Ju\u00e1rez, Oax., a 07 de octubre de 2025.-<\/strong> La Fiscal\u00eda General del Estado de Oaxaca (FGEO) ejecut\u00f3 una orden de aprehensi\u00f3n en contra de una persona del sexo masculino identificada como R.M.L., por el delito de incumplimiento de obligaciones alimentarias en agravio de sus hijos.<\/p>\n<p>La detenci\u00f3n de R.M.L. estuvo a cargo de elementos de la Agencia Estatal de Investigaciones (AEI) de la Fiscal\u00eda Especializada en Atenci\u00f3n a Delitos contra la Mujer por Raz\u00f3n de G\u00e9nero y se llev\u00f3 a cabo sobre la Privada de Victoria del centro de la Ciudad de Oaxaca, en inmediaciones de la Central de Abasto, acci\u00f3n judicial que deriva de una demanda iniciada por incumplimiento en el pago econ\u00f3mico de la pensi\u00f3n alimentaria en favor de sus dos hijos (cuyas identidades est\u00e1n reservadas por ley).<\/p>\n<p>Una vez detenido, R.M.L. fue presentado ante la autoridad que lo requiri\u00f3 con las respectivas pruebas recabadas por la Fiscal\u00eda Especializada en Atenci\u00f3n a Delitos contra la Mujer por Raz\u00f3n de G\u00e9nero.<\/p>\n<p>Para la Fiscal\u00eda General de Oaxaca, los trabajos de procuraci\u00f3n de justicia a favor de las ni\u00f1as, ni\u00f1os y adolescentes es una prioridad, por ello, reafirma su compromiso de realizar las labores necesarias para que este sector de la poblaci\u00f3n pueda acceder al ejercicio pleno de sus derechos humanos.<\/p>\n<p><img decoding=\"async\" class=\"size-medium wp-image-10335\" src=\"https:\/\/fge.oaxaca.gob.mx\/wp-content\/uploads\/2025\/10\/Dise\u00f1o-sin-t\u00edtulo-8-300x148.jpg\" alt=\"\" width=\"300\" height=\"148\" \/><\/p>\n","protected":false},"author":5,"featured_media":10299,"comment_status":"closed","ping_status":"closed","template":"","tags":[],"categoria_noticias":[],"class_list":["post-19256","noticias","type-noticias","status-publish","has-post-thumbnail","hentry"],"acf":[],"mb":[],"mfb_rest_fields":["title","gutenberg_elementor_mode"],"_links":{"self":[{"href":"https:\/\/portal.fgeo.gob.mx\/index.php\/wp-json\/wp\/v2\/noticias\/19256","targetHints":{"allow":["GET"]}}],"collection":[{"href":"https:\/\/portal.fgeo.gob.mx\/index.php\/wp-json\/wp\/v2\/noticias"}],"about":[{"href":"https:\/\/portal.fgeo.gob.mx\/index.php\/wp-json\/wp\/v2\/types\/noticias"}],"author":[{"embeddable":true,"href":"https:\/\/portal.fgeo.gob.mx\/index.php\/wp-json\/wp\/v2\/users\/5"}],"replies":[{"embeddable":true,"href":"https:\/\/portal.fgeo.gob.mx\/index.php\/wp-json\/wp\/v2\/comments?post=19256"}],"wp:featuredmedia":[{"embeddable":true,"href":"https:\/\/portal.fgeo.gob.mx\/index.php\/wp-json\/"}],"wp:attachment":[{"href":"https:\/\/portal.fgeo.gob.mx\/index.php\/wp-json\/wp\/v2\/media?parent=19256"}],"wp:term":[{"taxonomy":"post_tag","embeddable":true,"href":"https:\/\/portal.fgeo.gob.mx\/index.php\/wp-json\/wp\/v2\/tags?post=19256"},{"taxonomy":"categoria_noticias","embeddable":true,"href":"https:\/\/portal.fgeo.gob.mx\/index.php\/wp-json\/wp\/v2\/categoria_noticias?post=19256"}],"curies":[{"name":"wp","href":"https:\/\/api.w.org\/{rel}","templated":true}]}}