{"id":19254,"date":"2025-10-06T17:00:59","date_gmt":"2025-10-06T23:00:59","guid":{"rendered":"https:\/\/fge.oaxaca.gob.mx\/?post_type=noticias&amp;p=10323"},"modified":"2025-10-06T17:00:59","modified_gmt":"2025-10-06T23:00:59","slug":"boletin-1803-fiscalia-en-tu-comunidad-fortalece-estrategia-de-prevencion-del-delito-para-restaurar-la-confianza-ciudadana-bernardo-rodriguez-alamilla","status":"publish","type":"noticias","link":"https:\/\/portal.fgeo.gob.mx\/index.php\/archivos\/noticias\/boletin-1803-fiscalia-en-tu-comunidad-fortalece-estrategia-de-prevencion-del-delito-para-restaurar-la-confianza-ciudadana-bernardo-rodriguez-alamilla","title":{"rendered":"BOLET\u00cdN 1,803.- Fiscal\u00eda en tu Comunidad fortalece estrategia de prevenci\u00f3n del delito para restaurar la confianza ciudadana: Bernardo Rodr\u00edguez Alamilla"},"content":{"rendered":"<p>&nbsp;<\/p>\n<p><strong>Oaxaca de Ju\u00e1rez, Oax., a 06 de octubre de 2025.-<\/strong> Durante la jornada de \u201cFiscal\u00eda en tu comunidad llega a tu Colonia\u201d que se realiz\u00f3 en San Jacinto Amilpas, el Fiscal de Oaxaca, Bernardo Rodr\u00edguez Alamilla destac\u00f3 que esta iniciativa busca aplicar pol\u00edticas p\u00fablicas m\u00e1s efectivas, centradas en acercar los servicios de la Fiscal\u00eda de Oaxaca a la comunidad para fortalecer las capacidades de las autoridades municipales en materia de atenci\u00f3n, as\u00ed como de prevenci\u00f3n del delito.<\/p>\n<p>&nbsp;<\/p>\n<p>En la jornada participaron el presidente municipal de San Jacinto Amilpas, Fidel Alejandro D\u00edaz D\u00edaz; la subsecretaria de Tequio e Inclusi\u00f3n para el Bienestar, Fernanda Schmidt Ruiz; el titular de la Polic\u00eda Auxiliar, Bancaria, Industrial y Comercial (PABIC), Alejandro Tejada; y el coordinador de la Agencia Estatal de Investigaciones Jaciel V\u00e1squez Castro, adem\u00e1s de la Directora General de Prevenci\u00f3n del Delito y Participaci\u00f3n Ciudadana de Oaxaca, Lii Yio P\u00e9rez Z\u00e1rate.<\/p>\n<p>&nbsp;<\/p>\n<p>El Fiscal de Oaxaca, Bernardo Rodr\u00edguez Alamilla subray\u00f3 que \u201cFiscal\u00eda en tu comunidad\u201d forma parte de una pol\u00edtica p\u00fablica integral que busca acercar la justicia a la ciudadan\u00eda, promover la confianza en las instituciones y fortalecer el tejido social mediante la colaboraci\u00f3n entre autoridades y sociedad civil.<\/p>\n<p>&nbsp;<\/p>\n<p>Asimismo, reiter\u00f3 que la cooperaci\u00f3n interinstitucional ha permitido crear mecanismos eficaces de prevenci\u00f3n, atenci\u00f3n y procuraci\u00f3n de justicia, lo que contribuye a la construcci\u00f3n de comunidades m\u00e1s seguras y a la consolidaci\u00f3n de una cultura de paz en Oaxaca.<\/p>\n<p>&nbsp;<\/p>\n<p>Durante el programa de proximidad social \u201cFiscal\u00eda en tu Colonia\u201d, el Fiscal Bernardo Rodr\u00edguez Alamilla destac\u00f3 que la cooperaci\u00f3n interinstitucional ha permitido crear sinergias efectivas en materia de prevenci\u00f3n, atenci\u00f3n y procuraci\u00f3n de justicia, lo cual coadyuva en la construcci\u00f3n de una relaci\u00f3n m\u00e1s cercana con la ciudadan\u00eda, pues se atiende de forma directa sus necesidades.<\/p>\n<p>&nbsp;<\/p>\n<p>La Fiscal\u00eda General del Estado reitera su compromiso de que a trav\u00e9s de estas acciones se garantice el acceso a la procuraci\u00f3n de justicia eficaz, y fortalecer la confianza ciudadana, as\u00ed como coadyuvar a la construcci\u00f3n de un entorno seguro para la sociedad oaxaque\u00f1a.<\/p>\n<p><img fetchpriority=\"high\" decoding=\"async\" class=\"alignnone size-medium wp-image-10324\" src=\"https:\/\/fge.oaxaca.gob.mx\/wp-content\/uploads\/2025\/10\/WhatsApp-Image-2025-10-06-at-1.30.34-PM-6-300x200.jpeg\" alt=\"\" width=\"300\" height=\"200\" \/> <img decoding=\"async\" class=\"alignnone size-medium wp-image-10325\" src=\"https:\/\/fge.oaxaca.gob.mx\/wp-content\/uploads\/2025\/10\/WhatsApp-Image-2025-10-06-at-1.30.34-PM-5-300x200.jpeg\" alt=\"\" width=\"300\" height=\"200\" \/> <img decoding=\"async\" class=\"alignnone size-medium wp-image-10326\" src=\"https:\/\/fge.oaxaca.gob.mx\/wp-content\/uploads\/2025\/10\/WhatsApp-Image-2025-10-06-at-1.30.34-PM-4-300x200.jpeg\" alt=\"\" width=\"300\" height=\"200\" \/> <img loading=\"lazy\" decoding=\"async\" class=\"alignnone size-medium wp-image-10327\" src=\"https:\/\/fge.oaxaca.gob.mx\/wp-content\/uploads\/2025\/10\/WhatsApp-Image-2025-10-06-at-1.30.34-PM-2-300x200.jpeg\" alt=\"\" width=\"300\" height=\"200\" \/> <img loading=\"lazy\" decoding=\"async\" class=\"alignnone size-medium wp-image-10328\" src=\"https:\/\/fge.oaxaca.gob.mx\/wp-content\/uploads\/2025\/10\/WhatsApp-Image-2025-10-06-at-1.30.34-PM-300x200.jpeg\" alt=\"\" width=\"300\" height=\"200\" \/> <img loading=\"lazy\" decoding=\"async\" class=\"alignnone size-medium wp-image-10329\" src=\"https:\/\/fge.oaxaca.gob.mx\/wp-content\/uploads\/2025\/10\/WhatsApp-Image-2025-10-06-at-1.30.33-PM-3-300x200.jpeg\" alt=\"\" width=\"300\" height=\"200\" \/> <img loading=\"lazy\" decoding=\"async\" class=\"alignnone size-medium wp-image-10330\" src=\"https:\/\/fge.oaxaca.gob.mx\/wp-content\/uploads\/2025\/10\/WhatsApp-Image-2025-10-06-at-1.30.33-PM-2-300x200.jpeg\" alt=\"\" width=\"300\" height=\"200\" \/><\/p>\n","protected":false},"author":5,"featured_media":10299,"comment_status":"closed","ping_status":"closed","template":"","tags":[],"categoria_noticias":[],"class_list":["post-19254","noticias","type-noticias","status-publish","has-post-thumbnail","hentry"],"acf":[],"mb":[],"mfb_rest_fields":["title","gutenberg_elementor_mode"],"_links":{"self":[{"href":"https:\/\/portal.fgeo.gob.mx\/index.php\/wp-json\/wp\/v2\/noticias\/19254","targetHints":{"allow":["GET"]}}],"collection":[{"href":"https:\/\/portal.fgeo.gob.mx\/index.php\/wp-json\/wp\/v2\/noticias"}],"about":[{"href":"https:\/\/portal.fgeo.gob.mx\/index.php\/wp-json\/wp\/v2\/types\/noticias"}],"author":[{"embeddable":true,"href":"https:\/\/portal.fgeo.gob.mx\/index.php\/wp-json\/wp\/v2\/users\/5"}],"replies":[{"embeddable":true,"href":"https:\/\/portal.fgeo.gob.mx\/index.php\/wp-json\/wp\/v2\/comments?post=19254"}],"wp:featuredmedia":[{"embeddable":true,"href":"https:\/\/portal.fgeo.gob.mx\/index.php\/wp-json\/"}],"wp:attachment":[{"href":"https:\/\/portal.fgeo.gob.mx\/index.php\/wp-json\/wp\/v2\/media?parent=19254"}],"wp:term":[{"taxonomy":"post_tag","embeddable":true,"href":"https:\/\/portal.fgeo.gob.mx\/index.php\/wp-json\/wp\/v2\/tags?post=19254"},{"taxonomy":"categoria_noticias","embeddable":true,"href":"https:\/\/portal.fgeo.gob.mx\/index.php\/wp-json\/wp\/v2\/categoria_noticias?post=19254"}],"curies":[{"name":"wp","href":"https:\/\/api.w.org\/{rel}","templated":true}]}}