{"id":19252,"date":"2025-10-03T15:00:01","date_gmt":"2025-10-03T21:00:01","guid":{"rendered":"https:\/\/fge.oaxaca.gob.mx\/?post_type=noticias&amp;p=10312"},"modified":"2025-10-03T15:00:01","modified_gmt":"2025-10-03T21:00:01","slug":"boletin-1799-fiscalia-de-oaxaca-aprehende-a-una-persona-por-pederastia-y-abuso-sexual-infantil-en-la-sierra-mixe","status":"publish","type":"noticias","link":"https:\/\/portal.fgeo.gob.mx\/index.php\/archivos\/noticias\/boletin-1799-fiscalia-de-oaxaca-aprehende-a-una-persona-por-pederastia-y-abuso-sexual-infantil-en-la-sierra-mixe","title":{"rendered":"BOLET\u00cdN 1,799.- Fiscal\u00eda de Oaxaca aprehende a una persona por pederastia y abuso sexual infantil en la Sierra Mixe"},"content":{"rendered":"<p>&nbsp;<\/p>\n<p><strong>Oaxaca de Ju\u00e1rez, Oax., a 03 de octubre de 2025.-<\/strong> Como parte de las acciones de cero tolerancia a delitos cometidos contra ni\u00f1as, ni\u00f1os y adolescentes, la Fiscal\u00eda General del Estado de Oaxaca (FGEO) dio cumplimiento a una orden de aprehensi\u00f3n en contra de una persona del sexo masculino identificada como A.P.B., por el delito de Pederastia y abuso sexual infantil, cometido contra un menor de edad en la Sierra Mixe.<\/p>\n<p>De acuerdo a la denuncia asentada en el expediente penal del caso, la agresi\u00f3n sexual ocurri\u00f3 el 28 de septiembre de 2025, cuando la v\u00edctima -un ni\u00f1o de 7 a\u00f1os de edad, cuya identidad est\u00e1 reservada por ley- se encontraba al exterior de un domicilio ubicado en San Juan Bosco Chuxnab\u00e1n, perteneciente al municipio de San Miguel Quetzaltepec.<\/p>\n<p>La investigaci\u00f3n revela que una persona se acerc\u00f3 a la v\u00edctima y lo llev\u00f3 a un domicilio ubicado en la zona, para posteriormente agredirlo, posteriormente, la v\u00edctima logr\u00f3 escapar.<\/p>\n<p>Luego de recibir la denuncia, la Fiscal\u00eda de Oaxaca inici\u00f3 las investigaciones ministeriales -a trav\u00e9s de la Vicefiscal\u00eda General de Control Regional-, lo que permiti\u00f3 obtener una orden de aprehensi\u00f3n en contra de A.P.B., quien fue detenido y qued\u00f3 a disposici\u00f3n de las autoridades ministeriales correspondientes.<\/p>\n<p>La Fiscal\u00eda General del Estado de Oaxaca reitera que su prioridad es garantizar procesos de justicia eficientes en los casos de delitos cometidos en contra de ni\u00f1as, ni\u00f1os y adolescentes, mediante investigaciones integrales y con perspectiva de infancia que aseguren el inter\u00e9s superior de la ni\u00f1ez.<\/p>\n<figure id=\"attachment_10313\" aria-describedby=\"caption-attachment-10313\" style=\"width: 218px\" class=\"wp-caption alignnone\"><img fetchpriority=\"high\" decoding=\"async\" class=\"size-medium wp-image-10313\" src=\"https:\/\/fge.oaxaca.gob.mx\/wp-content\/uploads\/2025\/10\/Dise\u00f1o-sin-t\u00edtulo-4-218x300.jpg\" alt=\"\" width=\"218\" height=\"300\" \/><figcaption id=\"caption-attachment-10313\" class=\"wp-caption-text\">Dise\u00f1o sin t\u00edtulo &#8211; 1<\/figcaption><\/figure>\n","protected":false},"author":5,"featured_media":10299,"comment_status":"closed","ping_status":"closed","template":"","tags":[],"categoria_noticias":[],"class_list":["post-19252","noticias","type-noticias","status-publish","has-post-thumbnail","hentry"],"acf":[],"mb":[],"mfb_rest_fields":["title","gutenberg_elementor_mode"],"_links":{"self":[{"href":"https:\/\/portal.fgeo.gob.mx\/index.php\/wp-json\/wp\/v2\/noticias\/19252","targetHints":{"allow":["GET"]}}],"collection":[{"href":"https:\/\/portal.fgeo.gob.mx\/index.php\/wp-json\/wp\/v2\/noticias"}],"about":[{"href":"https:\/\/portal.fgeo.gob.mx\/index.php\/wp-json\/wp\/v2\/types\/noticias"}],"author":[{"embeddable":true,"href":"https:\/\/portal.fgeo.gob.mx\/index.php\/wp-json\/wp\/v2\/users\/5"}],"replies":[{"embeddable":true,"href":"https:\/\/portal.fgeo.gob.mx\/index.php\/wp-json\/wp\/v2\/comments?post=19252"}],"wp:featuredmedia":[{"embeddable":true,"href":"https:\/\/portal.fgeo.gob.mx\/index.php\/wp-json\/"}],"wp:attachment":[{"href":"https:\/\/portal.fgeo.gob.mx\/index.php\/wp-json\/wp\/v2\/media?parent=19252"}],"wp:term":[{"taxonomy":"post_tag","embeddable":true,"href":"https:\/\/portal.fgeo.gob.mx\/index.php\/wp-json\/wp\/v2\/tags?post=19252"},{"taxonomy":"categoria_noticias","embeddable":true,"href":"https:\/\/portal.fgeo.gob.mx\/index.php\/wp-json\/wp\/v2\/categoria_noticias?post=19252"}],"curies":[{"name":"wp","href":"https:\/\/api.w.org\/{rel}","templated":true}]}}