{"id":17070,"date":"2025-10-01T17:00:19","date_gmt":"2025-10-01T23:00:19","guid":{"rendered":"https:\/\/fge.oaxaca.gob.mx\/?post_type=noticias&#038;p=10300"},"modified":"2025-10-16T16:31:40","modified_gmt":"2025-10-16T22:31:40","slug":"boletin-1793-fiscalia-de-oaxaca-ejecuta-orden-de-aprehension-y-detiene-a-una-persona-por-secuestro-cometido-en-la-cuenca","status":"publish","type":"noticias","link":"https:\/\/portal.fgeo.gob.mx\/index.php\/archivos\/noticias\/boletin-1793-fiscalia-de-oaxaca-ejecuta-orden-de-aprehension-y-detiene-a-una-persona-por-secuestro-cometido-en-la-cuenca","title":{"rendered":"BOLET\u00cdN 1,793.- Fiscal\u00eda de Oaxaca ejecuta orden de aprehensi\u00f3n y detiene a una persona por secuestro cometido en la Cuenca"},"content":{"rendered":"<p><strong>Oaxaca de Ju\u00e1rez, Oax., a 01 de octubre de 2025.-<\/strong> Como parte de las labores de investigaci\u00f3n ministerial para el combate de los delitos de alto impacto, la Fiscal\u00eda General del Estado de Oaxaca (FGEO) dio cumplimiento a una orden de aprehensi\u00f3n en contra de una persona del sexo masculino identificado como G.G.E., por el delito de Secuestro Agravado, cometido en la regi\u00f3n de la Cuenca del Papaloapan.<\/p>\n<p>De acuerdo con la carpeta de investigaci\u00f3n, los hechos ocurrieron el 11 de agosto de 2023, cuando las v\u00edctimas dos personas del sexo masculino (cuya identidad est\u00e1 reservada por ley), se encontraban en su centro de trabajo, ubicado en la calle Guanajuato en Loma Bonita, sitio en el que un par de personas armadas ingresaron al lugar y sometieron a las v\u00edctimas para privarlas de la libertad de manera ilegal.<\/p>\n<p>La investigaci\u00f3n revela que, los responsables establecieron contacto con familiares de las v\u00edctimas con las que negociaron hasta acordar el pago de un rescate, posteriormente, las v\u00edctimas fueron puestas en libertad, el 24 de agosto de 2023.<\/p>\n<p>La Fiscal\u00eda de Oaxaca tom\u00f3 conocimiento del caso que qued\u00f3 a cargo de la Unidad Especializada en Combate al Secuestro (UECS), que realizaron las investigaciones correspondientes, que permitieron dar con el paradero de G.G.E., siendo detenido en calles de la colonia El Tr\u00f3pico en San Juan Bautista Tuxtepec.<\/p>\n<p>Luego de la detenci\u00f3n, G.G.E., fue puesto a disposici\u00f3n de la autoridad correspondiente para definir su situaci\u00f3n legal.<\/p>\n<p>Los trabajos de combate al secuestro que realiza la Fiscal\u00eda de Oaxaca se efect\u00faan de manera estricta a los protocolos en la materia para dar certeza a las v\u00edctimas directas e indirectas, para que tengan pleno acceso a la justicia.<\/p>\n<p><img decoding=\"async\" class=\"alignnone size-full wp-image-18455\" src=\"https:\/\/portal.fgeo.gob.mx\/minio\/pagina\/wp-content\/uploads\/2025\/10\/cuenca.jpg\" alt=\"\" width=\"300\" height=\"158\" \/><\/p>\n<p>&nbsp;<\/p>\n","protected":false},"author":2,"featured_media":10299,"comment_status":"closed","ping_status":"closed","template":"","tags":[],"categoria_noticias":[],"class_list":["post-17070","noticias","type-noticias","status-publish","has-post-thumbnail","hentry"],"acf":[],"mb":[],"mfb_rest_fields":["title","gutenberg_elementor_mode"],"_links":{"self":[{"href":"https:\/\/portal.fgeo.gob.mx\/index.php\/wp-json\/wp\/v2\/noticias\/17070","targetHints":{"allow":["GET"]}}],"collection":[{"href":"https:\/\/portal.fgeo.gob.mx\/index.php\/wp-json\/wp\/v2\/noticias"}],"about":[{"href":"https:\/\/portal.fgeo.gob.mx\/index.php\/wp-json\/wp\/v2\/types\/noticias"}],"author":[{"embeddable":true,"href":"https:\/\/portal.fgeo.gob.mx\/index.php\/wp-json\/wp\/v2\/users\/2"}],"replies":[{"embeddable":true,"href":"https:\/\/portal.fgeo.gob.mx\/index.php\/wp-json\/wp\/v2\/comments?post=17070"}],"wp:featuredmedia":[{"embeddable":true,"href":"https:\/\/portal.fgeo.gob.mx\/index.php\/wp-json\/"}],"wp:attachment":[{"href":"https:\/\/portal.fgeo.gob.mx\/index.php\/wp-json\/wp\/v2\/media?parent=17070"}],"wp:term":[{"taxonomy":"post_tag","embeddable":true,"href":"https:\/\/portal.fgeo.gob.mx\/index.php\/wp-json\/wp\/v2\/tags?post=17070"},{"taxonomy":"categoria_noticias","embeddable":true,"href":"https:\/\/portal.fgeo.gob.mx\/index.php\/wp-json\/wp\/v2\/categoria_noticias?post=17070"}],"curies":[{"name":"wp","href":"https:\/\/api.w.org\/{rel}","templated":true}]}}